{"id":1,"date":"2002-08-16T03:08:14","date_gmt":"2002-08-16T01:08:14","guid":{"rendered":"http:\/\/www.elenacabrera.com\/weblog\/?p=1"},"modified":"2019-05-25T19:54:37","modified_gmt":"2019-05-25T17:54:37","slug":"por-fin-tengo-el-weblog-instalado","status":"publish","type":"post","link":"http:\/\/www.elenacabrera.com\/weblog3\/2002\/08\/16\/por-fin-tengo-el-weblog-instalado\/","title":{"rendered":"Por fin tengo el weblog instalado"},"content":{"rendered":"<p>Ese Croma, que en mi \u00faltimo d\u00eda de trabajo, se ha quedado m\u00e1s rato al mediod\u00eda, e incluso ha perdido el autob\u00fas, ha instalado por fin el weblog para que pueda actualizarlo desde ya. Voy a celebrarlo subiendo las fotos que hice el mi\u00e9rcoles 14 de agosto en Las Vistillas (Fiestas de La Paloma con concierto de Fangoria).<\/p>\n","protected":false},"excerpt":{"rendered":"<p>Ese Croma, que en mi \u00faltimo d\u00eda de trabajo, se ha quedado m\u00e1s rato al mediod\u00eda, e incluso ha perdido el autob\u00fas, ha instalado por fin el weblog para que pueda actualizarlo desde ya. Voy a celebrarlo subiendo las fotos que hice el mi\u00e9rcoles 14 de agosto en Las Vistillas (Fiestas de La Paloma con [&hellip;]<\/p>\n","protected":false},"author":1,"featured_media":0,"comment_status":"open","ping_status":"open","sticky":false,"template":"","format":"standard","meta":{"footnotes":""},"categories":[2],"tags":[],"class_list":["post-1","post","type-post","status-publish","format-standard","hentry","category-twentytwentyfive"],"_links":{"self":[{"href":"http:\/\/www.elenacabrera.com\/weblog3\/wp-json\/wp\/v2\/posts\/1","targetHints":{"allow":["GET"]}}],"collection":[{"href":"http:\/\/www.elenacabrera.com\/weblog3\/wp-json\/wp\/v2\/posts"}],"about":[{"href":"http:\/\/www.elenacabrera.com\/weblog3\/wp-json\/wp\/v2\/types\/post"}],"author":[{"embeddable":true,"href":"http:\/\/www.elenacabrera.com\/weblog3\/wp-json\/wp\/v2\/users\/1"}],"replies":[{"embeddable":true,"href":"http:\/\/www.elenacabrera.com\/weblog3\/wp-json\/wp\/v2\/comments?post=1"}],"version-history":[{"count":1,"href":"http:\/\/www.elenacabrera.com\/weblog3\/wp-json\/wp\/v2\/posts\/1\/revisions"}],"predecessor-version":[{"id":2002002669,"href":"http:\/\/www.elenacabrera.com\/weblog3\/wp-json\/wp\/v2\/posts\/1\/revisions\/2002002669"}],"wp:attachment":[{"href":"http:\/\/www.elenacabrera.com\/weblog3\/wp-json\/wp\/v2\/media?parent=1"}],"wp:term":[{"taxonomy":"category","embeddable":true,"href":"http:\/\/www.elenacabrera.com\/weblog3\/wp-json\/wp\/v2\/categories?post=1"},{"taxonomy":"post_tag","embeddable":true,"href":"http:\/\/www.elenacabrera.com\/weblog3\/wp-json\/wp\/v2\/tags?post=1"}],"curies":[{"name":"wp","href":"https:\/\/api.w.org\/{rel}","templated":true}]}}