{"id":114,"date":"2003-05-16T01:05:56","date_gmt":"2003-05-16T00:05:56","guid":{"rendered":""},"modified":"2019-05-23T03:22:20","modified_gmt":"2019-05-23T01:22:20","slug":"la-obra","status":"publish","type":"post","link":"http:\/\/www.elenacabrera.com\/weblog3\/2003\/05\/16\/la-obra\/","title":{"rendered":"La Obra"},"content":{"rendered":"<p>La oficina del FIB est\u00e1 desmantelada, huele a serr\u00edn y pintura, no hay nadie trabajando y Madrid vive la tranquilidad del puente de San Isidro. La combinaci\u00f3n de la primavera con este momento de destrucci\u00f3n y reconstrucci\u00f3n me dan ganas de iniciar cosas nuevas. \u00daltimamente he viajado bastante. De hecho, incluso este puente de San Isidro ten\u00eda planeado no pasarlo aqu\u00ed pero hay cosas que me han retenido. El cansancio ha sido una de ellas. Lisboa. No s\u00e9 si he encontrado la Lisboa que esperaba encontrar -que lo esperara en un futuro latente, no supe que viaja a Portugal hasta que me despert\u00e9 de la somnolencia del viaje y comenz\u00f3 a extra\u00f1arme demasiado leer las indicaciones de la autopista en algo que se parec\u00eda al Como regalo de cumplea\u00f1os y cumplimiento de una promesa, Juanjo me invit\u00f3 a viajar a C\u00e1ceres durante el puente del primero de mayo. Una vez traspasada la frontera, puse en evidencia mis lagunas geogr\u00e1ficas cuando cre\u00eda que pod\u00edamos entrar a comer en Portugal para regresar a C\u00e1ceres por la tarde.Descubro, una vez m\u00e1s, durante un viaje, que odio hacer turismo. Durante el tiempo que no me siento rara, me siento est\u00fapida y siempre pienso c\u00f3mo ser\u00eda mi vida si yo viviera all\u00ed, ser\u00eda capaz de ser feliz en esa ciudad. Si viviese en Lisboa ir\u00eda muy a menudo al <a href=\"http:\/\/classicosemodernos.euronoticias.pt\/artigo.asp?id_artigo=683\" artigo=\"Pavilh%E3o+Chin%EAs&quot;\">Pabell\u00f3n Chino<\/a> (Pavilh\u00e3o Chin\u00eas), en el Barrio Alto, el bar m\u00e1s bonito que he visto en mi vida. Un reino de fantas\u00eda de un adulto que devanea entre lo que fue, lo que le hubiese gustado ser y no pudo y lo que, con su dinero, puede recomponer hoy. Un local enorme lleno de habitaciones decoradas con un lujo trasnochado y dedicadas a la evocaci\u00f3n, gracias a los cientos de mu\u00f1ecos, a los ej\u00e9rcitos de soldaditos, las postales, los recuerdos. Algo se ve en las fotos. Su due\u00f1o es Lu\u00eds Pinto Coelho, quien tambi\u00e9n abri\u00f3 y decor\u00f3 otros bares en la ciudad en los setenta, como el Proc\u00f3pio o Par\u00f3dia, ahora parece ser que est\u00e1 preparando otro. Adem\u00e1s de este local, si me pides que recorte y guarde mi mejor momento de Lisboa, el lugar en el que m\u00e1s a gusto me haya sentido, me acuerdo de la Alfama, del momento en el que Juanjo y yo nos perdimos del grupo y bucamos las calles m\u00e1s empinadas que nos condujeran correctamente y, al doblar una equina, encontramos, una vez m\u00e1s, un grupo de cr\u00edos pateando un bal\u00f3n, uno de ellos, seg\u00fan reflejaba su camiseta blanca, quer\u00eda ser Fifo.  Pero tambi\u00e9n me gust\u00f3 el Chiado. Es uno de esos barrios en los que sientes en un momento u otro uno de esos d\u00e9j\u00e0 vu que te hacen pensar que has estado all\u00ed antes. Pero en realidad son se\u00f1ales de lo que dec\u00eda al comienzo, en realidad es una de esas voces que te invitan a cambiar de vida, que te aseguran que all\u00ed tambi\u00e9n podr\u00edas ser feliz, un balc\u00f3n o un portal que alza la voz y te dice \u00abeh, Elena, \u00bfverdad que me parezco a la calle Tesoro?, \u00bfverdad que estas macetas ya las has visto en la Plaza del Sol?\u00bb Fue una suerte entrar en Lisboa y detectar, a los cinco minutos y desde el coche, un cartel dibujado por Jo\u00e3o Fazenda y una indicaci\u00f3n le\u00edda al vuelo que parec\u00eda hablar de un salon del c\u00f3mic. Pegu\u00e9 un bote en el asiento y me puse muy contenta (bueno, a\u00fan m\u00e1s contenta). Juanjo no sab\u00eda nada. Ya me imagin\u00e9 yo conociendo a Pedro Brito, a Fazenda y al resto de mis peque\u00f1os h\u00e9roes cartunistas portugueses.Pero se trataba realmente del <a href=\"http:\/\/www.bdforumlisboa.com\/\">BDF\u00f3rum<\/a>, la primera de las actividades que, a lo largo del mes de mayo, se desarrollan en Lisboa al rededor de la Banda Dese\u00f1ada (como tanto en Portugal como en Galicia se le llama a los tebeos) y siendo en realidad la parte m\u00e1s comercial, se trataba de un lugar con stands, organizado por las editoriales Devir y Vitamina BD, eso s\u00ed, con firmas de autores y la estelar presencia de Neil Gaiman al cual me acerqu\u00e9, a lo paleta, para ver qu\u00e9 cara ten\u00eda.  Paseando por el Chiado llam\u00f3 mi hermano: mi t\u00edo Milocho muri\u00f3.<\/p>\n","protected":false},"excerpt":{"rendered":"<p>La oficina del FIB est\u00e1 desmantelada, huele a serr\u00edn y pintura, no hay nadie trabajando y Madrid vive la tranquilidad del puente de San Isidro. La combinaci\u00f3n de la primavera con este momento de destrucci\u00f3n y reconstrucci\u00f3n me dan ganas de iniciar cosas nuevas. \u00daltimamente he viajado bastante. De hecho, incluso este puente de San [&hellip;]<\/p>\n","protected":false},"author":1,"featured_media":0,"comment_status":"open","ping_status":"open","sticky":false,"template":"","format":"standard","meta":{"footnotes":""},"categories":[],"tags":[],"class_list":["post-114","post","type-post","status-publish","format-standard","hentry"],"_links":{"self":[{"href":"http:\/\/www.elenacabrera.com\/weblog3\/wp-json\/wp\/v2\/posts\/114","targetHints":{"allow":["GET"]}}],"collection":[{"href":"http:\/\/www.elenacabrera.com\/weblog3\/wp-json\/wp\/v2\/posts"}],"about":[{"href":"http:\/\/www.elenacabrera.com\/weblog3\/wp-json\/wp\/v2\/types\/post"}],"author":[{"embeddable":true,"href":"http:\/\/www.elenacabrera.com\/weblog3\/wp-json\/wp\/v2\/users\/1"}],"replies":[{"embeddable":true,"href":"http:\/\/www.elenacabrera.com\/weblog3\/wp-json\/wp\/v2\/comments?post=114"}],"version-history":[{"count":1,"href":"http:\/\/www.elenacabrera.com\/weblog3\/wp-json\/wp\/v2\/posts\/114\/revisions"}],"predecessor-version":[{"id":2002002616,"href":"http:\/\/www.elenacabrera.com\/weblog3\/wp-json\/wp\/v2\/posts\/114\/revisions\/2002002616"}],"wp:attachment":[{"href":"http:\/\/www.elenacabrera.com\/weblog3\/wp-json\/wp\/v2\/media?parent=114"}],"wp:term":[{"taxonomy":"category","embeddable":true,"href":"http:\/\/www.elenacabrera.com\/weblog3\/wp-json\/wp\/v2\/categories?post=114"},{"taxonomy":"post_tag","embeddable":true,"href":"http:\/\/www.elenacabrera.com\/weblog3\/wp-json\/wp\/v2\/tags?post=114"}],"curies":[{"name":"wp","href":"https:\/\/api.w.org\/{rel}","templated":true}]}}