{"id":1280,"date":"2008-07-11T13:27:25","date_gmt":"2008-07-11T11:27:25","guid":{"rendered":""},"modified":"-0001-11-30T00:00:00","modified_gmt":"-0001-11-29T22:00:00","slug":"post_name","status":"publish","type":"post","link":"http:\/\/www.elenacabrera.com\/weblog3\/2008\/07\/11\/post_name\/","title":{"rendered":"Me va a costar escribir sobre Sergio Algora, dice Antono Luque"},"content":{"rendered":"<p>\t<a href=\"http:\/\/www.publico.es\/133153\/srchinarro\/antonioluque\">Leo en P\u00fablico<\/a> (que me advierte Javi): <\/p>\n<blockquote><p><span class=\"fuente_fecha\">ANTONIO LUQUE (SR. CHINARRO) &#8211; 09\/07\/2008 14:40<\/span> <span class=\"fuente_fecha\" \/>Me va a costar escribir sobre Sergio Algora hoy mismo, y no porque falten cosas que decir, al uso en estos casos. Verdades como la copa de un pino grande ser\u00edan. Me va a costar porque me he quedado de piedra. Inerte. Mineral. Agua. Qu\u00e9 mal trago. Le recuerdo por primera vez en el Benic\u00e0ssim del 96. Con El Ni\u00f1o Gusano. Tocaron muy bien. Era un grupo de verdad. Letras surrealistas, dec\u00edan. En el mismo -bateau ivre- en que yo perd\u00eda el rumbo, acertaba viendo en \u00e9l un capit\u00e1n, y ni charlamos. Un poco gallitos todos, qu\u00e9 juventud aquella, que ni siquiera se ha ido del todo antes que \u00e9l, qu\u00e9 desconsiderada es la juventud. Har\u00e1 un a\u00f1o fuimos de copas por M\u00e1laga. Se iba difuminando, lo ve\u00eda cada vez m\u00e1s borroso, es verdad, pero era porque Horacio nos invitaba en el Indiana. \u00c9l me ve\u00eda normalmente, y dijo algo sensato sobre medicinas; palabras raras en ese h\u00e1bitat que era y es el nuestro, el de los bares y las palabras raras para la juventud que los llena hasta reventar, maldita sea. Hace exactamente 77 d\u00edas (lo s\u00e9 porque dej\u00e9 de fumar aquella noche; hay que ir temi\u00e9ndole a la de la guada\u00f1a, elige fatal), me lo cruc\u00e9 en la calle, en Madrid. Ambos vagabunde\u00e1bamos a solas por la ronda de Valencia a mediod\u00eda. Qu\u00e9 situaci\u00f3n tan rara, ahora me doy cuenta. Por eso nos sonre\u00edmos y no dijimos gran cosa. El sentido del humor no necesita las palabras cuando es puro. Ya de noche, en el escenario, La Costa Brava y Sr. Chinarro a toda prisa, a lo nuestro. No nos despedimos. Ni hola en Benic\u00e0ssim ni adi\u00f3s en la Ronda de Valencia. El pr\u00f3ximo abrazo no podremos ni evitarlo ni contarlo. Es incre\u00edble.<\/p><\/blockquote>\n<p> S\u00ed. [tags]Sergio Algora[\/tags]\t<\/p>\n","protected":false},"excerpt":{"rendered":"<p>Leo en P\u00fablico (que me advierte Javi): ANTONIO LUQUE (SR. CHINARRO) &#8211; 09\/07\/2008 14:40 Me va a costar escribir sobre Sergio Algora hoy mismo, y no porque falten cosas que decir, al uso en estos casos. Verdades como la copa de un pino grande ser\u00edan. Me va a costar porque me he quedado de piedra. [&hellip;]<\/p>\n","protected":false},"author":1,"featured_media":0,"comment_status":"open","ping_status":"open","sticky":false,"template":"","format":"standard","meta":{"footnotes":""},"categories":[],"tags":[],"class_list":["post-1280","post","type-post","status-publish","format-standard","hentry"],"_links":{"self":[{"href":"http:\/\/www.elenacabrera.com\/weblog3\/wp-json\/wp\/v2\/posts\/1280","targetHints":{"allow":["GET"]}}],"collection":[{"href":"http:\/\/www.elenacabrera.com\/weblog3\/wp-json\/wp\/v2\/posts"}],"about":[{"href":"http:\/\/www.elenacabrera.com\/weblog3\/wp-json\/wp\/v2\/types\/post"}],"author":[{"embeddable":true,"href":"http:\/\/www.elenacabrera.com\/weblog3\/wp-json\/wp\/v2\/users\/1"}],"replies":[{"embeddable":true,"href":"http:\/\/www.elenacabrera.com\/weblog3\/wp-json\/wp\/v2\/comments?post=1280"}],"version-history":[{"count":0,"href":"http:\/\/www.elenacabrera.com\/weblog3\/wp-json\/wp\/v2\/posts\/1280\/revisions"}],"wp:attachment":[{"href":"http:\/\/www.elenacabrera.com\/weblog3\/wp-json\/wp\/v2\/media?parent=1280"}],"wp:term":[{"taxonomy":"category","embeddable":true,"href":"http:\/\/www.elenacabrera.com\/weblog3\/wp-json\/wp\/v2\/categories?post=1280"},{"taxonomy":"post_tag","embeddable":true,"href":"http:\/\/www.elenacabrera.com\/weblog3\/wp-json\/wp\/v2\/tags?post=1280"}],"curies":[{"name":"wp","href":"https:\/\/api.w.org\/{rel}","templated":true}]}}