{"id":13,"date":"2002-08-19T04:08:49","date_gmt":"2002-08-19T02:08:49","guid":{"rendered":"http:\/\/www.elenacabrera.com\/weblog\/?p=13"},"modified":"2019-05-25T19:55:00","modified_gmt":"2019-05-25T17:55:00","slug":"llueve","status":"publish","type":"post","link":"http:\/\/www.elenacabrera.com\/weblog3\/2002\/08\/19\/llueve\/","title":{"rendered":"Llueve"},"content":{"rendered":"<p>Me hace ilusi\u00f3n esto del diario p\u00fablico; no s\u00e9 si alguien lo leer\u00e1 y, habiendo alguno que s\u00ed, dudo que disponga del suficiente inter\u00e9s como para leer algunas l\u00edneas. Pero con sinceridad: no me importa; lo hago sobre todo por m\u00ed, que lo necesito. Llego a Coru\u00f1a y descubro con horror dos cosas: una, me he dejado el cable de telf\u00e9ono en Madrid (tampoco es para tanto) y la otra, no tengo el software para descargar las fotos de la nueva c\u00e1mara digital en mi ibook. Tendr\u00e9 que mirar si lo puedo descargar de la web y, en caso contrario, tendr\u00e9 que pedirle ayuda de urgencia a Croma, para que me mande algo. La Coru\u00f1a est\u00e1 hermosa y gris azulada, como siempre. He llegado hoy (domingo) en el Lionrock de Juanjo el R\u00e1pido, acompa\u00f1ados de Nacho Casanova (\u00e9l y Juanjo son los directores de la revista Tos), Cri y M\u00e1rian. Hasta hoy no nos hemos enterado de qu\u00e9 exposiciones se han preparado para el Vi\u00f1etas desde O Atl\u00e1ntico, y esto gracias a una Voz de Galicia de hace dos d\u00edas. Varias informaciones en el peri\u00f3dico contradicen nnuestras noticias del cambio en la direcci\u00f3n del sal\u00f3n; pens\u00e1bamos que el nuevo director era Carlos Portela, pero seg\u00fan parece sigue siendo Miguelanxo Prado.<br \/>\nMa\u00f1ana por la ma\u00f1ana se montan los stands, que permanecer\u00e1n abiertos durante una semana. Juanjo y Nacho llevar\u00e1n la caseta doble de Sins entido y pondr\u00e1n a la venta (en exclusiva) el segundo n\u00famero de Tos.<br \/>\nAdoro de La Coru\u00f1a este silencio, sobre el que \u00fanicamente destacan las gaviotas; mi casa huele a humedad, sal y frescor. Espero alg\u00fan d\u00eda, pronto, podr\u00e9 venir a vivir aqu\u00ed un invierno.<\/p>\n","protected":false},"excerpt":{"rendered":"<p>Me hace ilusi\u00f3n esto del diario p\u00fablico; no s\u00e9 si alguien lo leer\u00e1 y, habiendo alguno que s\u00ed, dudo que disponga del suficiente inter\u00e9s como para leer algunas l\u00edneas. Pero con sinceridad: no me importa; lo hago sobre todo por m\u00ed, que lo necesito. Llego a Coru\u00f1a y descubro con horror dos cosas: una, me [&hellip;]<\/p>\n","protected":false},"author":1,"featured_media":0,"comment_status":"closed","ping_status":"closed","sticky":false,"template":"","format":"standard","meta":{"footnotes":""},"categories":[],"tags":[],"class_list":["post-13","post","type-post","status-publish","format-standard","hentry"],"_links":{"self":[{"href":"http:\/\/www.elenacabrera.com\/weblog3\/wp-json\/wp\/v2\/posts\/13","targetHints":{"allow":["GET"]}}],"collection":[{"href":"http:\/\/www.elenacabrera.com\/weblog3\/wp-json\/wp\/v2\/posts"}],"about":[{"href":"http:\/\/www.elenacabrera.com\/weblog3\/wp-json\/wp\/v2\/types\/post"}],"author":[{"embeddable":true,"href":"http:\/\/www.elenacabrera.com\/weblog3\/wp-json\/wp\/v2\/users\/1"}],"replies":[{"embeddable":true,"href":"http:\/\/www.elenacabrera.com\/weblog3\/wp-json\/wp\/v2\/comments?post=13"}],"version-history":[{"count":1,"href":"http:\/\/www.elenacabrera.com\/weblog3\/wp-json\/wp\/v2\/posts\/13\/revisions"}],"predecessor-version":[{"id":2002002119,"href":"http:\/\/www.elenacabrera.com\/weblog3\/wp-json\/wp\/v2\/posts\/13\/revisions\/2002002119"}],"wp:attachment":[{"href":"http:\/\/www.elenacabrera.com\/weblog3\/wp-json\/wp\/v2\/media?parent=13"}],"wp:term":[{"taxonomy":"category","embeddable":true,"href":"http:\/\/www.elenacabrera.com\/weblog3\/wp-json\/wp\/v2\/categories?post=13"},{"taxonomy":"post_tag","embeddable":true,"href":"http:\/\/www.elenacabrera.com\/weblog3\/wp-json\/wp\/v2\/tags?post=13"}],"curies":[{"name":"wp","href":"https:\/\/api.w.org\/{rel}","templated":true}]}}