{"id":151,"date":"2003-08-27T02:08:43","date_gmt":"2003-08-27T01:08:43","guid":{"rendered":""},"modified":"-0001-11-30T00:00:00","modified_gmt":"-0001-11-29T22:00:00","slug":"post_name","status":"publish","type":"post","link":"http:\/\/www.elenacabrera.com\/weblog3\/2003\/08\/27\/post_name\/","title":{"rendered":"Acontecimientos curiosos (recupera la fe en ti mismo)"},"content":{"rendered":"<p>\tLlego esta ma?ana a la oficina con ganas de ponerme canciones, y paso la ma?ana escuchando sobre todo <b>D\u00e9cima V\u00edctima<\/b>. Como tengo mucha curiosidad por lo que pueda estar haciendo ahora Carlos Entrena, dedico un rato a investigar en Internet y descubro algunas cosas que desconoc?a: Entrena tiene un nuevo proyecto llamado <b>Parque Sindical<\/b>. No s\u00e9 c\u00f3mo ser\u00e1 pero colabora Felipe de un grupo que nunca he escuchado pero que seguro debe de gustarme mucho, El \u00daltimo Sue\u00f1o. Tras la disoluci\u00f3n del grupo toc\u00f3 en La Dama se Esconde (\u00a1compuso la m\u00fasica de \u00abUn error de apreciaci\u00f3n\u00bb!), con Alphaville y con la actual banda de Nacho Goberna. \u00bfA qu\u00e9 sonar\u00e1 Parque Sindical? \u00bfEstar\u00e1 bien? \u00bfTendr\u00e1 sello? \u00bfNecesitar\u00e1 colaboradores? \u00bfAlguien que le ayude a actualizarse? \u00bfQuerr\u00e1 cantar alguna canci\u00f3n de Aldo? Dos componentes de D\u00e9cima V\u00edctima, Lars y Per eran suecos. Lars volvi\u00f3 a Estocolmo y prosigui\u00f3 su carrera, tanto musical como art\u00edstica, habla de s\u00ed mismo <a href=\"http:\/\/members01.chello.se\/larskrantz\/index.htm\">en su propia web<\/a>.  Exceptuando uno de los grupos, Fetisch, el resto no me ha gustado. Adem?s, se empe?? en combinar el rock-n-roll de los 50 con cosas m?s oscuras y&#8230; el country. Tsk, tsk, tsk. Sobre el cuarto componente (el bater?a), Jos? Brena, he descubierto, a ?ltima hora de la ma?ana, que se suicid? en 1999, ahorc?ndose. Lo he le?do en <a href=\"http:\/\/www.poesiamalvada.com\/blog\">el weblog de una chica siniestra<\/a> de Madrid, de 20 a?os, cuya madre deb?a conocer bien a Brena (ella cuenta que su madre le dec?a que, en los 80, llamaban a Brena \u00abel terror de las nenas\u00bb) tambi?n dice que hay un retrato suyo, hecho por Alberto Garc?a Alix, sobre la chimenea de la casa de sus padres. Una curiosa casualidad: todo esto lo cuenta esta chica en un post llamado \u00abyo tambi?n sobreviv? al FIB -02\u00bb. M?s acontecimientos curiosos: esta noche vamos a ver Marte como nunca lo hab?amos visto de grande. Estoy emocionada porque vamos a ir al monte de El Pardo, ?y vamos unos cuantos! Ser? muy bonito. Ya, me estoy poniendo algo cursi pero ?es que es un hecho hist?rico! Hasta el a?o 2887 este planeta no estar? tan cerca de Marte. Esto nos convierte, a todos los que estemos vivos y mirando hacia el cielo, en astronautas un poco. A?n as? estar? a 55,76 millones de kil?metros de la Luna. ?No es fascinante que puedan contar las distancias sin tener que recorrerlas? Una universidad peruana ofrece esta <a href=\"http:\/\/www.conida.gob.pe\/labrad\/eventos\/MARTE2003\/ALERTA.doc\">gu?a de observaci?n<\/a> (para astr?nomos aficionados).\t<\/p>\n","protected":false},"excerpt":{"rendered":"<p>Llego esta ma?ana a la oficina con ganas de ponerme canciones, y paso la ma?ana escuchando sobre todo D\u00e9cima V\u00edctima. Como tengo mucha curiosidad por lo que pueda estar haciendo ahora Carlos Entrena, dedico un rato a investigar en Internet y descubro algunas cosas que desconoc?a: Entrena tiene un nuevo proyecto llamado Parque Sindical. No [&hellip;]<\/p>\n","protected":false},"author":1,"featured_media":0,"comment_status":"open","ping_status":"open","sticky":false,"template":"","format":"standard","meta":{"footnotes":""},"categories":[],"tags":[],"class_list":["post-151","post","type-post","status-publish","format-standard","hentry"],"_links":{"self":[{"href":"http:\/\/www.elenacabrera.com\/weblog3\/wp-json\/wp\/v2\/posts\/151","targetHints":{"allow":["GET"]}}],"collection":[{"href":"http:\/\/www.elenacabrera.com\/weblog3\/wp-json\/wp\/v2\/posts"}],"about":[{"href":"http:\/\/www.elenacabrera.com\/weblog3\/wp-json\/wp\/v2\/types\/post"}],"author":[{"embeddable":true,"href":"http:\/\/www.elenacabrera.com\/weblog3\/wp-json\/wp\/v2\/users\/1"}],"replies":[{"embeddable":true,"href":"http:\/\/www.elenacabrera.com\/weblog3\/wp-json\/wp\/v2\/comments?post=151"}],"version-history":[{"count":0,"href":"http:\/\/www.elenacabrera.com\/weblog3\/wp-json\/wp\/v2\/posts\/151\/revisions"}],"wp:attachment":[{"href":"http:\/\/www.elenacabrera.com\/weblog3\/wp-json\/wp\/v2\/media?parent=151"}],"wp:term":[{"taxonomy":"category","embeddable":true,"href":"http:\/\/www.elenacabrera.com\/weblog3\/wp-json\/wp\/v2\/categories?post=151"},{"taxonomy":"post_tag","embeddable":true,"href":"http:\/\/www.elenacabrera.com\/weblog3\/wp-json\/wp\/v2\/tags?post=151"}],"curies":[{"name":"wp","href":"https:\/\/api.w.org\/{rel}","templated":true}]}}