{"id":16,"date":"2002-09-17T10:09:56","date_gmt":"2002-09-17T09:09:56","guid":{"rendered":""},"modified":"2022-08-05T21:20:13","modified_gmt":"2022-08-05T19:20:13","slug":"ya_van_dos","status":"publish","type":"post","link":"http:\/\/www.elenacabrera.com\/weblog3\/2002\/09\/17\/ya_van_dos\/","title":{"rendered":"Ya van dos."},"content":{"rendered":"<p>Segundo d\u00eda de oficina. Est\u00e1 nublado. Todo estar\u00eda tranquilo si no fuera por el martillo percutor que destroza el asfalto de la calle Preciados, realizando la tercera franja del a\u00f1o.<\/p>\n","protected":false},"excerpt":{"rendered":"<p>Segundo d\u00eda de oficina. Est\u00e1 nublado. Todo estar\u00eda tranquilo si no fuera por el martillo percutor que destroza el asfalto de la calle Preciados, realizando la tercera franja del a\u00f1o.<\/p>\n","protected":false},"author":1,"featured_media":0,"comment_status":"open","ping_status":"open","sticky":false,"template":"","format":"standard","meta":{"footnotes":""},"categories":[1],"tags":[],"class_list":["post-16","post","type-post","status-publish","format-standard","hentry","category-sin-categoria"],"_links":{"self":[{"href":"http:\/\/www.elenacabrera.com\/weblog3\/wp-json\/wp\/v2\/posts\/16","targetHints":{"allow":["GET"]}}],"collection":[{"href":"http:\/\/www.elenacabrera.com\/weblog3\/wp-json\/wp\/v2\/posts"}],"about":[{"href":"http:\/\/www.elenacabrera.com\/weblog3\/wp-json\/wp\/v2\/types\/post"}],"author":[{"embeddable":true,"href":"http:\/\/www.elenacabrera.com\/weblog3\/wp-json\/wp\/v2\/users\/1"}],"replies":[{"embeddable":true,"href":"http:\/\/www.elenacabrera.com\/weblog3\/wp-json\/wp\/v2\/comments?post=16"}],"version-history":[{"count":2,"href":"http:\/\/www.elenacabrera.com\/weblog3\/wp-json\/wp\/v2\/posts\/16\/revisions"}],"predecessor-version":[{"id":2002003876,"href":"http:\/\/www.elenacabrera.com\/weblog3\/wp-json\/wp\/v2\/posts\/16\/revisions\/2002003876"}],"wp:attachment":[{"href":"http:\/\/www.elenacabrera.com\/weblog3\/wp-json\/wp\/v2\/media?parent=16"}],"wp:term":[{"taxonomy":"category","embeddable":true,"href":"http:\/\/www.elenacabrera.com\/weblog3\/wp-json\/wp\/v2\/categories?post=16"},{"taxonomy":"post_tag","embeddable":true,"href":"http:\/\/www.elenacabrera.com\/weblog3\/wp-json\/wp\/v2\/tags?post=16"}],"curies":[{"name":"wp","href":"https:\/\/api.w.org\/{rel}","templated":true}]}}