{"id":186,"date":"2003-10-27T23:20:15","date_gmt":"2003-10-27T22:20:15","guid":{"rendered":""},"modified":"2020-10-18T13:45:13","modified_gmt":"2020-10-18T11:45:13","slug":"con-la-manita-derecha","status":"publish","type":"post","link":"http:\/\/www.elenacabrera.com\/weblog3\/2003\/10\/27\/con-la-manita-derecha\/","title":{"rendered":"Con la manita derecha"},"content":{"rendered":"<p>Hoy ha venido H\u00e9ctor a casa y hemos miriendado, aprovechando la gripe. Me ha contado que en la India est\u00e1 socialmente prohibido hacer cosas \u00abbuenas\u00bb con la mano izquierda. Has de comer y saludar siempre con la derecha ya que con la izquierda te limpias las cacas (no usan papel higi\u00e9nico sino chorro de agua). Y digo yo, que qu\u00e9 mierda que haya vuelto a ganar la derecha. Lo peor fue la ilusi\u00f3n de que no, de que igual no. Estuve viendo con mi madre y mi padrino el programa de Telemadrid \u00abMadrid decide\u00bb. Dos cosas fueron de verg\u00fcenza: 1. NUNCA se detall\u00f3 cuales eran esos \u00abpartidos minoritarios\u00bb que se mencionaban de soslayo. 2. El presentador delat\u00f3, por sus sonrisitas y caras de palo (<em>aseg\u00fan<\/em>), que era del PP. Regres\u00e9 de Canillejas a B\u00e9jar dejando el escrutinio en un 24%. Volviendo en el coche escuchaba Radio Nacional seg\u00fan corr\u00eda por \u00abla Pista\u00bb y ten\u00edan tal jolgorio (\u00bfestar\u00edan pedos?, apostar\u00eda algo a que s\u00ed) que no hab\u00eda manera de comprender mucho. Descargu\u00e9 las bolsas con t\u00e1pers alimenticios, calefactores y un pl\u00e1stico para que la ropa tendida no se moje y todav\u00eda PSOE+IU sumaban mayor\u00eda absoluta. Cuando volv\u00ed de guardar el coche en el garaje, de pronto, ya todo estaba perdido: Gallard\u00f3n Per\u00f3n se asomaba al balc\u00f3n proclamando victoria para su amiguita la condesa (como la llama Nico). Por votar, vot\u00e9 a Fausto, por lo cual estaba m\u00e1s o menos feliz por el d\u00e9cimo esca\u00f1o, sillita que se perdi\u00f3 en los \u00faltimos minutos de escrutinio. Yo no s\u00e9 ni porqu\u00e9 me intereso en esto, la verdad. Lo mejor del d\u00eda (pol\u00edticamente hablando) fue ir al Colegio Santo \u00c1ngel (que est\u00e1 anexo a MI colegio, Nuestra Se\u00f1ora de las Nieves) y pasearme por las aulas. Me despert\u00f3 una ternura infinita. Record\u00e9 cuando los ni\u00f1os del Santo \u00c1ngel nos tiraban intencionadamente los balones a nuestro patio para entrar a mirarnos (un colegio de monjas con ni\u00f1as bien educadas vistiendo uniforme Pr\u00edncipe de Gales no dejaba de ser algo&#8230; morboso). Me encontr\u00e9 a mucha gente del barrio. Tambi\u00e9n a Marta, que trabaja en el Nasti, novia de Edu -ahora viven en Canarias- morena por el sol de las islas. Las jornadas electorales me recuerdan a mi padre, a ma\u00f1anas soleadas en Canillejas, a las familias que se saludan, las tapas de calamares en los bares de la calle Alcal\u00e1 y a la cordialidad de barrio. \u00abLa buena vecindad\u00bb que dir\u00edan en El Chavo. En la mesa que me correspond\u00eda votar estaban desenvolviendo ya los bocadillos. El presidente, afable, me pidi\u00f3 el DNI llam\u00e1ndome \u00abse\u00f1orita\u00bb, cosa que me encanta. El interventor de IU tambi\u00e9n apellidaba Cabrera. Cuando escuch\u00f3 mi nombre dijo \u00abbuen apellido\u00bb. Mir\u00e9 mi sobre cerrado. Le mir\u00e9 a \u00e9l de nuevo. Pens\u00e9, \u00abdeber\u00eda contestarle -buen partido- pero eso no me lo creo ni yo, aunque le vote\u00bb. Regres\u00e9 a casa, en la calle Bolta\u00f1a, para comer con mi familia. Camin\u00e9 portando una felicidad muy rara, que nada ten\u00eda que ver con \u00abla fiesta democracia\u00bb (como repitieron los populares durante toda la noche). Era m\u00e1s bien una nimia satisfacci\u00f3n totalitarista: la imposici\u00f3n del sosiego emocional, del recuerdo, de todo lo que hace 20 a\u00f1os me hac?a sentir feliz y segura. No quiero pasar por alto la influencia de la jornada electoral en otros entornos: La <a href=\"http:\/\/www.fotolog.net\/saski\/?photo_id=1834591\">foto saski<\/a> (\u00a1muy grande!) El post <a href=\"http:\/\/www.terra.es\/personal5\/hcnwfhev\/\">\u00abLa democracia no hace gracia\u00bb<\/a> de Carolina. Nacho en <a href=\"http:\/\/www.escolar.net\/\">\u00abAl estilo de Florida\u00bb<\/a> se pregunta c\u00f3mo es posible que todo el mundo se volviera tan apresuradamente predictivo durante la jornada electoral. \u00bfSe trataba de una coproducci\u00f3n holliwoodiense? Nico <a href=\"http:\/\/www.vacio.blogspot.com\/\">tambi\u00e9n fue a votar <\/a>y se tropez\u00f3 con nuestra vecina Matilde Fern\u00e1ndez. Su conclusi\u00f3n: \u00abM\u00e1s Opus, m\u00e1s ley seca, m\u00e1s trinque legal y m\u00e1s liberalismo para los pr\u00f3ximos a\u00f1os\u00bb.<\/p>\n","protected":false},"excerpt":{"rendered":"<p>Hoy ha venido H\u00e9ctor a casa y hemos miriendado, aprovechando la gripe. Me ha contado que en la India est\u00e1 socialmente prohibido hacer cosas \u00abbuenas\u00bb con la mano izquierda. Has de comer y saludar siempre con la derecha ya que con la izquierda te limpias las cacas (no usan papel higi\u00e9nico sino chorro de agua). [&hellip;]<\/p>\n","protected":false},"author":1,"featured_media":0,"comment_status":"open","ping_status":"open","sticky":false,"template":"","format":"standard","meta":{"footnotes":""},"categories":[],"tags":[],"class_list":["post-186","post","type-post","status-publish","format-standard","hentry"],"_links":{"self":[{"href":"http:\/\/www.elenacabrera.com\/weblog3\/wp-json\/wp\/v2\/posts\/186","targetHints":{"allow":["GET"]}}],"collection":[{"href":"http:\/\/www.elenacabrera.com\/weblog3\/wp-json\/wp\/v2\/posts"}],"about":[{"href":"http:\/\/www.elenacabrera.com\/weblog3\/wp-json\/wp\/v2\/types\/post"}],"author":[{"embeddable":true,"href":"http:\/\/www.elenacabrera.com\/weblog3\/wp-json\/wp\/v2\/users\/1"}],"replies":[{"embeddable":true,"href":"http:\/\/www.elenacabrera.com\/weblog3\/wp-json\/wp\/v2\/comments?post=186"}],"version-history":[{"count":1,"href":"http:\/\/www.elenacabrera.com\/weblog3\/wp-json\/wp\/v2\/posts\/186\/revisions"}],"predecessor-version":[{"id":2002003567,"href":"http:\/\/www.elenacabrera.com\/weblog3\/wp-json\/wp\/v2\/posts\/186\/revisions\/2002003567"}],"wp:attachment":[{"href":"http:\/\/www.elenacabrera.com\/weblog3\/wp-json\/wp\/v2\/media?parent=186"}],"wp:term":[{"taxonomy":"category","embeddable":true,"href":"http:\/\/www.elenacabrera.com\/weblog3\/wp-json\/wp\/v2\/categories?post=186"},{"taxonomy":"post_tag","embeddable":true,"href":"http:\/\/www.elenacabrera.com\/weblog3\/wp-json\/wp\/v2\/tags?post=186"}],"curies":[{"name":"wp","href":"https:\/\/api.w.org\/{rel}","templated":true}]}}