{"id":2001109,"date":"2002-08-27T12:22:51","date_gmt":"2002-08-27T11:22:51","guid":{"rendered":""},"modified":"2009-09-18T17:45:04","modified_gmt":"2009-09-18T16:45:04","slug":"portugal","status":"publish","type":"post","link":"http:\/\/www.elenacabrera.com\/weblog3\/2002\/08\/27\/portugal\/","title":{"rendered":"Portugal"},"content":{"rendered":"<p>Comienzo a investigar: <a href=\"http:\/\/www.bedeteca.com\">Bedeteca<\/a> Y me entero que el grupo editorial Difel acaba de comprar Edi\u00e7oes Polvo. Me gustar\u00eda que alguien me dijera si esto es bueno o malo y porqu\u00e9 ha ocurrido. Sin tener m\u00e1s datos, mis prejuicios me alertan de que es malo. Sigo: <a href=\"http:\/\/www.chilicomcarne.com\">www.chilicomcarne.com<\/a> (esta se parece a m\u00ed\u2026)\u00a0Y tambi\u00e9n <a href=\"http:\/\/bd.publico.pt\/noticias\/jovens_criadores_BD.htm\">este art\u00edculo<\/a>: \u00a0(y, aunque tiene un poco de todo,<a href=\"http:\/\/bd.publico.pt\/\"> la web de donde procede<\/a>) \u201cO papel da Bedeteca \u00a0neste quadro que se justifica destacar o bom trabalho da Bedeteca de Lisboa e do seu ex-director, Joao Paulo Cotrim, que tem apoiado a criao a diversos niveis, com a publicado da revista \u201cQuadrado\u201d ou com a organizado do proprio Salo de BD de Lisboa, por exemplo. H, no entanto, alguma apreenso quanto ao futuro desta entidade, dependente da Camara Municipal da capital, face as mudanzas\u201d.<\/p>\n","protected":false},"excerpt":{"rendered":"<p>Comienzo a investigar: Bedeteca Y me entero que el grupo editorial Difel acaba de comprar Edi\u00e7oes Polvo. Me gustar\u00eda que alguien me dijera si esto es bueno o malo y porqu\u00e9 ha ocurrido. Sin tener m\u00e1s datos, mis prejuicios me alertan de que es malo. Sigo: www.chilicomcarne.com (esta se parece a m\u00ed\u2026)\u00a0Y tambi\u00e9n este art\u00edculo: [&hellip;]<\/p>\n","protected":false},"author":1,"featured_media":0,"comment_status":"open","ping_status":"open","sticky":false,"template":"","format":"standard","meta":{"footnotes":""},"categories":[],"tags":[],"class_list":["post-2001109","post","type-post","status-publish","format-standard","hentry"],"_links":{"self":[{"href":"http:\/\/www.elenacabrera.com\/weblog3\/wp-json\/wp\/v2\/posts\/2001109","targetHints":{"allow":["GET"]}}],"collection":[{"href":"http:\/\/www.elenacabrera.com\/weblog3\/wp-json\/wp\/v2\/posts"}],"about":[{"href":"http:\/\/www.elenacabrera.com\/weblog3\/wp-json\/wp\/v2\/types\/post"}],"author":[{"embeddable":true,"href":"http:\/\/www.elenacabrera.com\/weblog3\/wp-json\/wp\/v2\/users\/1"}],"replies":[{"embeddable":true,"href":"http:\/\/www.elenacabrera.com\/weblog3\/wp-json\/wp\/v2\/comments?post=2001109"}],"version-history":[{"count":0,"href":"http:\/\/www.elenacabrera.com\/weblog3\/wp-json\/wp\/v2\/posts\/2001109\/revisions"}],"wp:attachment":[{"href":"http:\/\/www.elenacabrera.com\/weblog3\/wp-json\/wp\/v2\/media?parent=2001109"}],"wp:term":[{"taxonomy":"category","embeddable":true,"href":"http:\/\/www.elenacabrera.com\/weblog3\/wp-json\/wp\/v2\/categories?post=2001109"},{"taxonomy":"post_tag","embeddable":true,"href":"http:\/\/www.elenacabrera.com\/weblog3\/wp-json\/wp\/v2\/tags?post=2001109"}],"curies":[{"name":"wp","href":"https:\/\/api.w.org\/{rel}","templated":true}]}}