{"id":2001111,"date":"2002-08-26T12:26:22","date_gmt":"2002-08-26T10:26:22","guid":{"rendered":""},"modified":"2019-05-25T20:04:46","modified_gmt":"2019-05-25T18:04:46","slug":"no-me-da-la-gana-estoy-deprimida-2","status":"publish","type":"post","link":"http:\/\/www.elenacabrera.com\/weblog3\/2002\/08\/26\/no-me-da-la-gana-estoy-deprimida-2\/","title":{"rendered":"No me da la gana, estoy deprimida"},"content":{"rendered":"<p>He pasado una noche horrible, so\u00f1ando una pesadilla largu\u00edsima sobre el FIB: hab\u00eda cogido mis vacaciones coincidiendo con el Festival supongo que para no tener que ir pero lo hab\u00eda dejado todo preparado para que Cristina (Garc\u00eda) y Silvia (Terr\u00f3n) pudieran hacerlo sin m\u00ed. Yo estaba aqu\u00ed donde estoy, en Coru\u00f1a, pero en realidad era como si fuera Valencia, muy cerca en realidad de Benic\u00e0ssim. Era viernes y hab\u00eda escuchado, visto y le\u00eddo las noticias sobre la fiesta del Jueves y me daba cierta pena no poder asistir, aunque fuera de p\u00fablico. Descubr\u00ed que ten\u00eda la facultad paranormal de agarrarme a una barra larga de metal clavada en el suelo y, deseando trasladarme a ese sitio, en un segundo aparec\u00eda all\u00ed. El peligro de este traspaso molecular es su inestabilidad, de manera que en cualquier momento pod\u00eda deparecer de alli donde estuviera y devolverme al lugar de origen. Lo hice y aparec\u00ed en el Acceso Sur del Festival. La redacci\u00f3n del Fiber era m\u00e1s estrecha que de costumbre (\u00a1m\u00e1s peque\u00f1a a\u00fan que este a\u00f1o!) y, cuando abr\u00edas la puerta para entrar, ten\u00edas que bajar una escalera larga para llegar a la altura del suelo, es como si la hubieran ubicado all\u00ed escarvando un par de metros en el suelo. Est\u00e1n todos muy atareados y veo que est\u00e1n haciendo cosas que yo no les hab\u00eda encargado. Comienzo a ponerme nerviosa pero Silvia procura calmarme diciendo que se est\u00e1n arreglando muy bien sin m\u00ed. Cristina me dice que coja un n\u00famero de ayer para comprobarlo. Lo hago y me quedo horrorizada: no hay fotograf\u00edas, la portada est\u00e1 hecha s\u00f3lo con tipograf\u00edas y hay p\u00e1ginas compuestas por cinco o seis cajas de texto y sin fotos. Comienzo a gritarles, a exigir explicaciones, pero ellas lo ven bien, y me dicen que han hecho el peri\u00f3dico con las cosas que ten\u00edan, entonces yo empiezo a darme cuenta de que me fui de vacaciones dejando muchas cosas sin hacer: no hab\u00eda fotos para las portadas, no hab\u00eda contenidos para muchas de las p\u00e1ginas, me voy de all\u00ed llorando y paso horas recorriendo el recinto del Festival, que se hab\u00eda convertido en un hospital o un instituto muy iluminado llorando y gimiendo sin parar. Se me ocurre que cada d\u00eda por la ma\u00f1ana podr\u00eda coger el coche e intentar enmendarlo todo pero estoy tan cansada de llorar que ya no tengo fuerzas y comienzo a pensar que no merece la pena.\u00a0Cuando me he despertado me he sentido afortunada pensando en que a\u00fan quedaban dos semanas para Benic\u00e0ssim y que podr\u00eda prepararlo todo bien para que no me ocurriera lo del sue\u00f1o. Cuando comienza a parecerme raro lo r\u00e1pido que me ha pasado el a\u00f1o desde el \u00faltimo FIB hasta hoy (\u00abes como si el invierno no existiese\u00bb, pienso) me despierto esta vez de verdad y me doy cuenta de que segu\u00eda so\u00f1ando. Ayer fue un buen d\u00eda: vendimos muchos tebeos aunque no el diccionario de Cuadrado. Al mediod\u00eda lo pasamos bien: fuimos a la romer\u00eda de Santa Margarita. Comimos sardi\u00f1as, pulpo, tortilla y los carn\u00edvoros longaniza y costillas. Nos encontramos de nuevo \u00a1a los pelaos! y como no pudimos acabar con toda la comida les pedimos que se unieran a nosotros. Moita xente, mulleres cantando \u00abCarolina\u00bb e o xogo da calva foiron o mellor do monte. Tomamos caf\u00e9 en la cafeter\u00eda bonita de las tres plantas en os Xardins de M\u00e9ndez N\u00fa\u00f1ez.<\/p>\n<p>Todos nos compramos cositas de Sins entido en la primera hora de la tarde de ayer (yo un Tos 2, \u00abRelaciones\u00bb de Silvestre, \u00abUstedes perdonen (2)\u00bb de Das Pastoras, los dos n\u00fameros de El Ojo Cl\u00ednico, \u00abHurac\u00e1n\u00bb de Ricard Castells y \u00abLa Ascensi\u00f3n del Gran Mal (1)\u00bb de David B.), as\u00ed que conseguimos una buena media para esa hora, seg\u00fan demuestra el cuadro que meticulosamente fue elaborando Juanjo durante la semana. Apareci\u00f3 por all\u00ed David Saavedra, a quien convenc\u00ed para que se llevara un Tos 2 (me cont\u00f3 que Luis Dur\u00e1n le mand\u00f3 una vez un c\u00f3mic suyo que le public\u00f3 en El V\u00f3mito de las Ninfas), estuvimos hablando tambi\u00e9n del asunto de La Luna y el FIB. Tambi\u00e9n pas\u00f3 por all\u00ed (o eso dice Nacho) Montse de Popstars y, ya a \u00faltima hora, Juanjo de la Iglesia (reconocido aficionado a los tebeos) que se llev\u00f3 alguna cosa de Sins entido y las dos Toses. A las ocho se volvieron M\u00e1rian y Juanjo para Madrid, as\u00ed que Nacho, Cristina y yo terminamos la tarde y empaquetamos por la noche. Nos despedimos de los compa\u00f1eros de feria (ya en nuestro altar quedan el pelao y el peludo de Por el camino recto, el simp\u00e1tico lucense de Totem y los empanaos de A Gata Tola) y volv\u00ed a casa muuuuuuy cansada.<\/p>\n<p>Me olvidaba de dar\u00a0<a href=\"http:\/\/www.desorden.net\/comics\/comic.php%3Fid%3D4\">mi link<\/a> del art\u00edculo sobre el Vi\u00f1etas desde O Atl\u00e1ntico en Desorden.net.<\/p>\n","protected":false},"excerpt":{"rendered":"<p>He pasado una noche horrible, so\u00f1ando una pesadilla largu\u00edsima sobre el FIB: hab\u00eda cogido mis vacaciones coincidiendo con el Festival supongo que para no tener que ir pero lo hab\u00eda dejado todo preparado para que Cristina (Garc\u00eda) y Silvia (Terr\u00f3n) pudieran hacerlo sin m\u00ed. Yo estaba aqu\u00ed donde estoy, en Coru\u00f1a, pero en realidad era [&hellip;]<\/p>\n","protected":false},"author":1,"featured_media":0,"comment_status":"open","ping_status":"open","sticky":false,"template":"","format":"standard","meta":{"footnotes":""},"categories":[],"tags":[],"class_list":["post-2001111","post","type-post","status-publish","format-standard","hentry"],"_links":{"self":[{"href":"http:\/\/www.elenacabrera.com\/weblog3\/wp-json\/wp\/v2\/posts\/2001111","targetHints":{"allow":["GET"]}}],"collection":[{"href":"http:\/\/www.elenacabrera.com\/weblog3\/wp-json\/wp\/v2\/posts"}],"about":[{"href":"http:\/\/www.elenacabrera.com\/weblog3\/wp-json\/wp\/v2\/types\/post"}],"author":[{"embeddable":true,"href":"http:\/\/www.elenacabrera.com\/weblog3\/wp-json\/wp\/v2\/users\/1"}],"replies":[{"embeddable":true,"href":"http:\/\/www.elenacabrera.com\/weblog3\/wp-json\/wp\/v2\/comments?post=2001111"}],"version-history":[{"count":1,"href":"http:\/\/www.elenacabrera.com\/weblog3\/wp-json\/wp\/v2\/posts\/2001111\/revisions"}],"predecessor-version":[{"id":2002002136,"href":"http:\/\/www.elenacabrera.com\/weblog3\/wp-json\/wp\/v2\/posts\/2001111\/revisions\/2002002136"}],"wp:attachment":[{"href":"http:\/\/www.elenacabrera.com\/weblog3\/wp-json\/wp\/v2\/media?parent=2001111"}],"wp:term":[{"taxonomy":"category","embeddable":true,"href":"http:\/\/www.elenacabrera.com\/weblog3\/wp-json\/wp\/v2\/categories?post=2001111"},{"taxonomy":"post_tag","embeddable":true,"href":"http:\/\/www.elenacabrera.com\/weblog3\/wp-json\/wp\/v2\/tags?post=2001111"}],"curies":[{"name":"wp","href":"https:\/\/api.w.org\/{rel}","templated":true}]}}