{"id":2001137,"date":"2002-08-25T17:45:34","date_gmt":"2002-08-25T16:45:34","guid":{"rendered":""},"modified":"2017-08-22T14:34:10","modified_gmt":"2017-08-22T12:34:10","slug":"maldita-sea-tu-estampa-2","status":"publish","type":"post","link":"http:\/\/www.elenacabrera.com\/weblog3\/2002\/08\/25\/maldita-sea-tu-estampa-2\/","title":{"rendered":"Maldita sea tu estampa"},"content":{"rendered":"<p>Muy buen d\u00eda de ventas, sobre todo en comparaci\u00f3n con el de ayer, as\u00ed que todos est\u00e1bamos m\u00e1s contentos, aunque sin saber bien a qui\u00e9n culpar (si a la presencia de mi camisa de la suerte o a la ausencia de Xinchan). Por la ma\u00f1ana me qued\u00e9 en casa y por la tarde hable con mucha gente y di un nuevo repaso a los stands: s\u00f3lo queda un d\u00eda m\u00e1s. Estuve hablando con Christian Osuna sobre el FIB (recientemente conoci\u00f3 a Fernando Zabala y estaba bien informado) y me di cuenta que \u00faltimamente no me he acordado nada del Festival y me ha sentado muy bien. Aunque la menci\u00f3n de zabalismo me ha hecho recordar que en la oficina han quedado pendientes las votaciones al P. de O. Tambi\u00e9n estuve otro largo rato en el puesto de Mundofreak, all\u00ed me compr\u00e9 <em>Who&#8217;s laughing now?<\/em> de Evan Dorkin, tomito del cual ya me hab\u00eda encaprichado en el Sal\u00f3 del C\u00f2mic. Adem\u00e1s, les hice una foto muy buena:  Adri\u00e1n es el de la derecha, Xurxo Fern\u00e1ndez le ha sacado hoy en La Voz bajo un ladillo llamado \u00abTriunfo lejos de casa\u00bb, dice de \u00e9l que \u00abestudi\u00f3 cine en Madrid y mont\u00f3 all\u00ed una productora, Aralia, vinculada al mundo del c\u00f3mic. Adem\u00e1s de producir cortos y cideoclips, la compa\u00f1\u00eda edita una revista, Plug-in que seg\u00fan Adri\u00e1n &#8216;es la que nos da de comer a m\u00ed y a mis dos socios&#8217;  y varias historietas. Este joven de 27 a\u00f1os cuenta con la colaboraci?n habitual de varios dibujantes coru?eses que le hacen llegar sus trabajos a trav?s de la web mundofreak.com. Asegura que lo m\u00e1s complicado de su trabajo es &#8216;dar a conocer el producto al p\u00fablico&#8217; y lamenta que el c\u00f3mic &#8216;casi nunca da para vivir'\u00bb.<br \/>\nHay algo que no comprendo y que me disgusta de los periodistas generalistas, sus textos est\u00e1n siempre salpicados de inexactitudes y casi siempre enganchados por los t\u00f3picos. Dan la impresi\u00f3n de no controlar nunca de ning\u00fan tema de los que hablan. La cobertura informativa del Vi\u00f1etas en La Voz est\u00e1 siendo un poco vergonzosa. En la misma p\u00e1gina aparece una minientrevista con Mauro Entrialgo, cuando pas\u00f3 por nuestro stand tambi\u00e9n se quej\u00f3 un poco de la tergiversaci\u00f3n, pero le da un poco igual, dice estar m\u00e1s que acostumbrado. Coment\u00f3 tambi\u00e9n el tema de moda cuando se habla de Mauro \u00faltimamente: lo de las cajas de White Label y los bolis Bic que le han regalado por mencionarles, seg\u00fan cuenta en su historieta para Buen Provecho; totalmente ver\u00eddica. Por cierto, quiz\u00e1s no lo he mencionado a\u00fan aqu\u00ed- pero me parece una pena que el Buen Provecho vaya grapado. Si llevara lomito aparentar\u00eda m\u00e1s (bueno, aparentar\u00eda lo que es: la selecci\u00f3n de autores es muy buena) y animar\u00eda m\u00e1s a ser comprado. La grapa le da un toque fanzinero que lo desmerece y lo hace parecer caro. S\u00ed, ya s\u00e9 que esto suena prejuicioso pero es que \u00faltimamente me he vuelto muy fina. En una hora tonta, sentados en el stand, le doy a Juanjo mi brazo para que me dibuje algo. Me tat\u00faa un drag\u00f3n partido en dos por la frase \u00abMALDITA SEA TU ESTAMPA\u00bb. Me encanta. Lo luzco orgullosa y macarra y cuando me preguntan digo que es de verdad pero nadie me cree.<br \/>\nHe vuelto a darme otro paseo por Totem (que por cierto no es de Vigo sino de Lugo, como escrib\u00ed hace unos d\u00edas) en busca de alguna cosi\u00f1a para Fran y las ni\u00f1as. Me llevo otro <em>Lisboa 24H00<\/em> (colectivo), y tambi\u00e9n <em>So ouves aquilo que te interessa<\/em> de Pedro Brito y <em>O manuscrito Durruti<\/em> de Rafael Gouveia. Arramplo tambi\u00e9n con un librito del que se supone es el otro (que me faltaba) de los tres dibujantes j\u00f3venes m\u00e1s conocidos, Filipe Abranches (<em>O diario de K<\/em>.) Quer\u00eda llevarme algo m\u00e1s de Joao Fazenda pero s\u00f3lo he encontrado <em>Loverboy<\/em> y, aunque puede que est\u00e9 bien (es algo del estilo de Calo y Sergio C\u00f3rdoba) no parec\u00eda que me fuera a gustar tanto como <em>Tues a mulher&#8230;<\/em> Pero estas incursiones en el imaginario BD lisboense me hacen decidir una cosa: quiero invertir tres o cuatro d\u00edas de mis vacaciones en ir en coche a Lisboa.<br \/>\nEeeeh, hoy M\u00e1rian y Cri han pasado el d\u00eda en Santiago. Por la noche, paseo por la playa y escribo, sobre la arena, \u00abbaleas e baleas\u00bb. Me acuerdo de Luisa Castro.<\/p>\n","protected":false},"excerpt":{"rendered":"<p>Muy buen d\u00eda de ventas, sobre todo en comparaci\u00f3n con el de ayer, as\u00ed que todos est\u00e1bamos m\u00e1s contentos, aunque sin saber bien a qui\u00e9n culpar (si a la presencia de mi camisa de la suerte o a la ausencia de Xinchan). Por la ma\u00f1ana me qued\u00e9 en casa y por la tarde hable con [&hellip;]<\/p>\n","protected":false},"author":1,"featured_media":0,"comment_status":"open","ping_status":"open","sticky":false,"template":"","format":"standard","meta":{"footnotes":""},"categories":[],"tags":[],"class_list":["post-2001137","post","type-post","status-publish","format-standard","hentry"],"_links":{"self":[{"href":"http:\/\/www.elenacabrera.com\/weblog3\/wp-json\/wp\/v2\/posts\/2001137","targetHints":{"allow":["GET"]}}],"collection":[{"href":"http:\/\/www.elenacabrera.com\/weblog3\/wp-json\/wp\/v2\/posts"}],"about":[{"href":"http:\/\/www.elenacabrera.com\/weblog3\/wp-json\/wp\/v2\/types\/post"}],"author":[{"embeddable":true,"href":"http:\/\/www.elenacabrera.com\/weblog3\/wp-json\/wp\/v2\/users\/1"}],"replies":[{"embeddable":true,"href":"http:\/\/www.elenacabrera.com\/weblog3\/wp-json\/wp\/v2\/comments?post=2001137"}],"version-history":[{"count":1,"href":"http:\/\/www.elenacabrera.com\/weblog3\/wp-json\/wp\/v2\/posts\/2001137\/revisions"}],"predecessor-version":[{"id":2002002142,"href":"http:\/\/www.elenacabrera.com\/weblog3\/wp-json\/wp\/v2\/posts\/2001137\/revisions\/2002002142"}],"wp:attachment":[{"href":"http:\/\/www.elenacabrera.com\/weblog3\/wp-json\/wp\/v2\/media?parent=2001137"}],"wp:term":[{"taxonomy":"category","embeddable":true,"href":"http:\/\/www.elenacabrera.com\/weblog3\/wp-json\/wp\/v2\/categories?post=2001137"},{"taxonomy":"post_tag","embeddable":true,"href":"http:\/\/www.elenacabrera.com\/weblog3\/wp-json\/wp\/v2\/tags?post=2001137"}],"curies":[{"name":"wp","href":"https:\/\/api.w.org\/{rel}","templated":true}]}}