{"id":2001661,"date":"2010-09-19T17:48:15","date_gmt":"2010-09-19T15:48:15","guid":{"rendered":""},"modified":"2019-05-25T19:22:41","modified_gmt":"2019-05-25T17:22:41","slug":"los-libros-que-arden","status":"publish","type":"post","link":"http:\/\/www.elenacabrera.com\/weblog3\/2010\/09\/19\/los-libros-que-arden\/","title":{"rendered":"Los libros que arden"},"content":{"rendered":"<p>Hay que luchar contra la idea burguesa de la literatura y buscar cada d\u00eda voces disonantes que est\u00e9n fuera del sistema, o al menos que no adoren el capitalismo, para que as\u00ed puedan criticarlo, tan s\u00f3lo dos segundos antes de ser devorados.<\/p>\n<p>Por ello, tengamos cuidado de los libros charlatanes, \u201cque nos venden crecepelos y prometen duros a cuatro pesetas, vendedores de fondos de inversi\u00f3n que prometen altas rentabilidades y halagan nuestra avaricia\u201d (<a href=\"http:\/\/www.revistateina.org\/teina20\/articulos\/2literatura\/tintalabios\/premiobert.pdf\">C. B.<\/a>). Creemos que es importante rechazar, poner cotos y decir \u201cno\u201d. Hay libros que sobran, que no son necesarios. Ven y qu\u00e9malos en nuestra fiesta.<\/p>\n<p>Hace un a\u00f1o Carolina Le\u00f3n y yo iniciamos un programa de radio y podcast con un t\u00edtulo que parafrasea a Raymond Carver: \u00bfQuieres hacer el favor de leer esto, por favor? Para celebrarlo, el viernes 24 de septiembre hacemos una fiesta en una librer\u00eda que a\u00fan huele a pintura y yeso, un nuevo espacio dedicado a la literatura y el vino (pocas cosas hay mejores) que probablemente inauguremos nosotras: Tipos Infames. Una librer\u00eda creada por el colectivo de escritores y cr\u00edticos del mismo nombre.<\/p>\n<p>Os invitamos. Pod\u00e9is quemar los libros que no hacen falta, los que con su poder dominante (su respaldo econ\u00f3mico) tapan casi todas las otras voces posibles.<\/p>\n<p style=\"text-align: center;\"><a title=\"Fiesta aniversario del programa de radio por elenac, en Flickr\" href=\"http:\/\/www.flickr.com\/photos\/elenac\/5004487470\/\"><img loading=\"lazy\" decoding=\"async\" class=\"aligncenter\" src=\"http:\/\/farm5.static.flickr.com\/4123\/5004487470_a11af0a808.jpg\" alt=\"Fiesta aniversario del programa de radio\" width=\"500\" height=\"369\" \/><\/a><\/p>\n","protected":false},"excerpt":{"rendered":"<p>Hay que luchar contra la idea burguesa de la literatura y buscar cada d\u00eda voces disonantes que est\u00e9n fuera del sistema, o al menos que no adoren el capitalismo, para que as\u00ed puedan criticarlo, tan s\u00f3lo dos segundos antes de ser devorados. Por ello, tengamos cuidado de los libros charlatanes, \u201cque nos venden crecepelos y [&hellip;]<\/p>\n","protected":false},"author":1,"featured_media":0,"comment_status":"open","ping_status":"open","sticky":false,"template":"","format":"standard","meta":{"footnotes":""},"categories":[3],"tags":[],"class_list":["post-2001661","post","type-post","status-publish","format-standard","hentry","category-twentytwentyfive"],"_links":{"self":[{"href":"http:\/\/www.elenacabrera.com\/weblog3\/wp-json\/wp\/v2\/posts\/2001661","targetHints":{"allow":["GET"]}}],"collection":[{"href":"http:\/\/www.elenacabrera.com\/weblog3\/wp-json\/wp\/v2\/posts"}],"about":[{"href":"http:\/\/www.elenacabrera.com\/weblog3\/wp-json\/wp\/v2\/types\/post"}],"author":[{"embeddable":true,"href":"http:\/\/www.elenacabrera.com\/weblog3\/wp-json\/wp\/v2\/users\/1"}],"replies":[{"embeddable":true,"href":"http:\/\/www.elenacabrera.com\/weblog3\/wp-json\/wp\/v2\/comments?post=2001661"}],"version-history":[{"count":1,"href":"http:\/\/www.elenacabrera.com\/weblog3\/wp-json\/wp\/v2\/posts\/2001661\/revisions"}],"predecessor-version":[{"id":2002002649,"href":"http:\/\/www.elenacabrera.com\/weblog3\/wp-json\/wp\/v2\/posts\/2001661\/revisions\/2002002649"}],"wp:attachment":[{"href":"http:\/\/www.elenacabrera.com\/weblog3\/wp-json\/wp\/v2\/media?parent=2001661"}],"wp:term":[{"taxonomy":"category","embeddable":true,"href":"http:\/\/www.elenacabrera.com\/weblog3\/wp-json\/wp\/v2\/categories?post=2001661"},{"taxonomy":"post_tag","embeddable":true,"href":"http:\/\/www.elenacabrera.com\/weblog3\/wp-json\/wp\/v2\/tags?post=2001661"}],"curies":[{"name":"wp","href":"https:\/\/api.w.org\/{rel}","templated":true}]}}