{"id":2001663,"date":"2010-09-20T12:14:51","date_gmt":"2010-09-20T10:14:51","guid":{"rendered":""},"modified":"2019-05-25T19:18:43","modified_gmt":"2019-05-25T17:18:43","slug":"esta-noche-octave-mirbeau-en-%c2%bfquieres-hacer-el-favor","status":"publish","type":"post","link":"http:\/\/www.elenacabrera.com\/weblog3\/2010\/09\/20\/esta-noche-octave-mirbeau-en-%c2%bfquieres-hacer-el-favor\/","title":{"rendered":"Esta noche, Octave Mirbeau en \u00bfQuieres hacer el favor&#8230;?"},"content":{"rendered":"<p><img loading=\"lazy\" decoding=\"async\" class=\"alignleft\" src=\"http:\/\/1.bp.blogspot.com\/_PyzR3TufmJc\/R1T2rF2qIFI\/AAAAAAAAAcY\/3s3Z0vJyhGw\/s1600-R\/Acharnistes.jpg\" alt=\"\" width=\"212\" height=\"310\" \/><\/p>\n<p>\u00abGracias a Octave Mirbeau, la verdad se revela a nosotros, pero provocando una gran indignaci\u00f3n : efectivamente, en las sociedades, aquella verdad no es buena para decir, puesto que es un factor de emancipaci\u00f3n individual y de subversi\u00f3n social. Le hicieron pagar muy caro, a Mirbeau, despu\u00e9s de su muerte, ocultando su mensaje, pretendiendo ver en \u00e9l s\u00f3lo a un energ\u00fameno, un paroxista, uno que se retracta, un fren\u00e9tico o un obsceno, desnaturalizando su obra bajo etiquetas tan absurdas como mutilantes, particularmente el vergonzoso calificativo de \u00abnaturalista\u201d. De la misma manera, durante veinticuatro siglos, no quisieron comprender que, detr\u00e1s de las provocaciones m\u00e1s groseras de los c\u00ednicos, hab\u00eda una cr\u00edtica radical, pedag\u00f3gica, a las mentiras sobre las cuales reposa la cultura\u00bb. (<a href=\"http:\/\/www.scribd.com\/doc\/29527703\/Pierre-Michel-\u00ab-Octavio-Mirbeau-el-cinico-\u00bb\">Pierre Michel, <em>Octave Mirbeau el c\u00ednico<\/em><\/a>).<\/p>\n<p>S\u00e9 que usar hora para hablar de Octave Mirbeau ser\u00e1 como intentar meter un armario dentro de un calcet\u00edn. A pesar de ello, no queda otra, ya que ese es el tiempo que tenemos: una hora de radio. Lo que es poco para nosotros es en realidad mucho para un oyente: una hora de su tiempo. Demasiado para o\u00edr hablar a unos fans de un autor que, quiz\u00e1, no conoce.<\/p>\n<p><img loading=\"lazy\" decoding=\"async\" class=\"alignleft\" src=\"http:\/\/4.bp.blogspot.com\/_PyzR3TufmJc\/SzISa4WUQWI\/AAAAAAAAA48\/7PU0EciSzRk\/S240\/Torture-Dedalus-2010.jpg\" alt=\"\" width=\"154\" height=\"240\" \/>No obstante, predicar aqu\u00ed sobre Octave Mirbeau es hacerlo en un vergel, pues llevo todo el verano escribiendo sobre \u00e9l y los lectores de este blog estar\u00e1n familiarizados con este escritor franc\u00e9s que, aunque muriera en 1917, sigue vivo cien a\u00f1os despu\u00e9s porque sus obras est\u00e1n ah\u00ed, aqu\u00ed, significan algo hoy. No es una voz muerta.<\/p>\n<p>Es curiosa la portada de esta edici\u00f3n de El jard\u00edn de los suplicios que tenemos a la izquierda. Luis Bu\u00f1uel realiz\u00f3 una infiel adaptaci\u00f3n de <em>Diario de una camarera<\/em> (le cambi\u00f3 el final) y para esta edici\u00f3n tomaron una imagen de Catherine Deneuve en <em>Belle de Jour<\/em>, de Bu\u00f1uel. No tiene que ver nada con el libro porque la tortura no la recibe la hermosa protagonista del libro, Clara, como nos podr\u00eda llevar a pensar la imagen escogida. Pero s\u00ed hay un trasfondo com\u00fan: el sadismo.<\/p>\n<p>Hablando de Clara, ayer encontr\u00e9 una sesi\u00f3n de fotos que homenajea a este personaje:<\/p>\n<p style=\"text-align: center;\"><a href=\"http:\/\/www.misspandora.fr\/le-jardin-des-supplices-pt-i\/\"><img loading=\"lazy\" decoding=\"async\" class=\"aligncenter\" src=\"http:\/\/farm5.static.flickr.com\/4145\/5004162638_e430d7b533_b.jpg\" alt=\"\" width=\"430\" height=\"287\" \/><\/a><\/p>\n<p>Esta noche vendr\u00e1n a la radio varios invitados para invocar a Mirbeau. En persona estar\u00e1n dos editores: <strong>Enrique Redel<\/strong> de Impedimenta y <strong>Eduardo Moreno<\/strong> o <strong>Iria Rebolo<\/strong> de El Olivo Azul. Llamaremos por tel\u00e9fono a otras dos personas:<strong> Llu\u00eds M\u00aa Tod\u00f3<\/strong>, traductor de <em>El jard\u00edn de los suplicios<\/em> y <em>Memorias de George el amargado<\/em> y <strong>Lola Berm\u00fadez<\/strong>, miembro del equipo de traducci\u00f3n de <em>628-E8<\/em> y ensayista sobre Mirbeau.<\/p>\n","protected":false},"excerpt":{"rendered":"<p>\u00abGracias a Octave Mirbeau, la verdad se revela a nosotros, pero provocando una gran indignaci\u00f3n : efectivamente, en las sociedades, aquella verdad no es buena para decir, puesto que es un factor de emancipaci\u00f3n individual y de subversi\u00f3n social. Le hicieron pagar muy caro, a Mirbeau, despu\u00e9s de su muerte, ocultando su mensaje, pretendiendo ver [&hellip;]<\/p>\n","protected":false},"author":1,"featured_media":0,"comment_status":"open","ping_status":"open","sticky":false,"template":"","format":"standard","meta":{"footnotes":""},"categories":[3],"tags":[],"class_list":["post-2001663","post","type-post","status-publish","format-standard","hentry","category-twentytwentyfive"],"_links":{"self":[{"href":"http:\/\/www.elenacabrera.com\/weblog3\/wp-json\/wp\/v2\/posts\/2001663","targetHints":{"allow":["GET"]}}],"collection":[{"href":"http:\/\/www.elenacabrera.com\/weblog3\/wp-json\/wp\/v2\/posts"}],"about":[{"href":"http:\/\/www.elenacabrera.com\/weblog3\/wp-json\/wp\/v2\/types\/post"}],"author":[{"embeddable":true,"href":"http:\/\/www.elenacabrera.com\/weblog3\/wp-json\/wp\/v2\/users\/1"}],"replies":[{"embeddable":true,"href":"http:\/\/www.elenacabrera.com\/weblog3\/wp-json\/wp\/v2\/comments?post=2001663"}],"version-history":[{"count":1,"href":"http:\/\/www.elenacabrera.com\/weblog3\/wp-json\/wp\/v2\/posts\/2001663\/revisions"}],"predecessor-version":[{"id":2002002642,"href":"http:\/\/www.elenacabrera.com\/weblog3\/wp-json\/wp\/v2\/posts\/2001663\/revisions\/2002002642"}],"wp:attachment":[{"href":"http:\/\/www.elenacabrera.com\/weblog3\/wp-json\/wp\/v2\/media?parent=2001663"}],"wp:term":[{"taxonomy":"category","embeddable":true,"href":"http:\/\/www.elenacabrera.com\/weblog3\/wp-json\/wp\/v2\/categories?post=2001663"},{"taxonomy":"post_tag","embeddable":true,"href":"http:\/\/www.elenacabrera.com\/weblog3\/wp-json\/wp\/v2\/tags?post=2001663"}],"curies":[{"name":"wp","href":"https:\/\/api.w.org\/{rel}","templated":true}]}}