{"id":2001673,"date":"2010-09-20T16:23:09","date_gmt":"2010-09-20T15:23:09","guid":{"rendered":""},"modified":"2010-09-20T16:23:19","modified_gmt":"2010-09-20T15:23:19","slug":"de-nuevo-el-fotografo-de-diagonal-edu-leon-detenido-mientras-hacia-su-trabajo","status":"publish","type":"post","link":"http:\/\/www.elenacabrera.com\/weblog3\/2010\/09\/20\/de-nuevo-el-fotografo-de-diagonal-edu-leon-detenido-mientras-hacia-su-trabajo\/","title":{"rendered":"De nuevo, el fot\u00f3grafo Edu Le\u00f3n detenido mientras hac\u00eda su trabajo"},"content":{"rendered":"<p>El fot\u00f3grafo Eduardo Le\u00f3n, miembro del colectivo editor de DIAGONAL, fue detenido ayer domingo mientras documentaba la redada realizada por la Polic\u00eda Municipal en la Casa de Campo contra migrantes ecuatorianos. (<a href=\"http:\/\/www.diagonalperiodico.net\/spip.php?article11861\">Sigue leyendo en Diagonal<\/a>).<\/p>\n<div>Los compa\u00f1eros protestan, claro:<\/div>\n<p><img decoding=\"async\" src=\"http:\/\/fotograccion.org\/usr\/alastugar\/Detencion%20Edu%20Leon\/IMG_4590%20copy.jpg\" alt=\"\" \/><\/p>\n","protected":false},"excerpt":{"rendered":"<p>El fot\u00f3grafo Eduardo Le\u00f3n, miembro del colectivo editor de DIAGONAL, fue detenido ayer domingo mientras documentaba la redada realizada por la Polic\u00eda Municipal en la Casa de Campo contra migrantes ecuatorianos. (Sigue leyendo en Diagonal). Los compa\u00f1eros protestan, claro:<\/p>\n","protected":false},"author":1,"featured_media":0,"comment_status":"open","ping_status":"open","sticky":false,"template":"","format":"standard","meta":{"footnotes":""},"categories":[],"tags":[],"class_list":["post-2001673","post","type-post","status-publish","format-standard","hentry"],"_links":{"self":[{"href":"http:\/\/www.elenacabrera.com\/weblog3\/wp-json\/wp\/v2\/posts\/2001673","targetHints":{"allow":["GET"]}}],"collection":[{"href":"http:\/\/www.elenacabrera.com\/weblog3\/wp-json\/wp\/v2\/posts"}],"about":[{"href":"http:\/\/www.elenacabrera.com\/weblog3\/wp-json\/wp\/v2\/types\/post"}],"author":[{"embeddable":true,"href":"http:\/\/www.elenacabrera.com\/weblog3\/wp-json\/wp\/v2\/users\/1"}],"replies":[{"embeddable":true,"href":"http:\/\/www.elenacabrera.com\/weblog3\/wp-json\/wp\/v2\/comments?post=2001673"}],"version-history":[{"count":0,"href":"http:\/\/www.elenacabrera.com\/weblog3\/wp-json\/wp\/v2\/posts\/2001673\/revisions"}],"wp:attachment":[{"href":"http:\/\/www.elenacabrera.com\/weblog3\/wp-json\/wp\/v2\/media?parent=2001673"}],"wp:term":[{"taxonomy":"category","embeddable":true,"href":"http:\/\/www.elenacabrera.com\/weblog3\/wp-json\/wp\/v2\/categories?post=2001673"},{"taxonomy":"post_tag","embeddable":true,"href":"http:\/\/www.elenacabrera.com\/weblog3\/wp-json\/wp\/v2\/tags?post=2001673"}],"curies":[{"name":"wp","href":"https:\/\/api.w.org\/{rel}","templated":true}]}}