{"id":2001684,"date":"2010-09-28T18:53:44","date_gmt":"2010-09-28T17:53:44","guid":{"rendered":""},"modified":"2010-10-08T01:28:00","modified_gmt":"2010-10-08T00:28:00","slug":"fotos-de-la-huelga-general-29-s","status":"publish","type":"post","link":"http:\/\/www.elenacabrera.com\/weblog3\/2010\/09\/28\/fotos-de-la-huelga-general-29-s\/","title":{"rendered":"Fotos de la Huelga General 29-S"},"content":{"rendered":"<p>En el d\u00eda antes y el mismo d\u00eda.<\/p>\n<p><object classid=\"clsid:d27cdb6e-ae6d-11cf-96b8-444553540000\" width=\"500\" height=\"340\" codebase=\"http:\/\/download.macromedia.com\/pub\/shockwave\/cabs\/flash\/swflash.cab#version=6,0,40,0\"><param name=\"wmode\" value=\"transparent\" \/><param name=\"src\" value=\"http:\/\/www.slideflickr.com\/slide\/AnNWyrLu\" \/><embed type=\"application\/x-shockwave-flash\" width=\"500\" height=\"340\" src=\"http:\/\/www.slideflickr.com\/slide\/AnNWyrLu\" wmode=\"transparent\"><\/embed><\/object><\/p>\n<p>Lo hemos contado, a nuestra manera <a href=\"http:\/\/huelgageneral.radiocarcoma.com\">aqu\u00ed, en Radio Carcoma<\/a>. Ah\u00ed est\u00e1n los audios de lo m\u00e1s rescatable del d\u00eda.<\/p>\n<p>Actualizaci\u00f3n. <a href=\"http:\/\/blogs.sacbee.com\/photos\/2010\/09\/anti-austerity-protests-sweep.html\">Aqu\u00ed est\u00e1n las fotos que m\u00e1s me han gustado de la jornada en toda Europa<\/a>.<\/p>\n","protected":false},"excerpt":{"rendered":"<p>En el d\u00eda antes y el mismo d\u00eda. Lo hemos contado, a nuestra manera aqu\u00ed, en Radio Carcoma. Ah\u00ed est\u00e1n los audios de lo m\u00e1s rescatable del d\u00eda. Actualizaci\u00f3n. Aqu\u00ed est\u00e1n las fotos que m\u00e1s me han gustado de la jornada en toda Europa.<\/p>\n","protected":false},"author":1,"featured_media":0,"comment_status":"open","ping_status":"open","sticky":false,"template":"","format":"standard","meta":{"footnotes":""},"categories":[],"tags":[],"class_list":["post-2001684","post","type-post","status-publish","format-standard","hentry"],"_links":{"self":[{"href":"http:\/\/www.elenacabrera.com\/weblog3\/wp-json\/wp\/v2\/posts\/2001684","targetHints":{"allow":["GET"]}}],"collection":[{"href":"http:\/\/www.elenacabrera.com\/weblog3\/wp-json\/wp\/v2\/posts"}],"about":[{"href":"http:\/\/www.elenacabrera.com\/weblog3\/wp-json\/wp\/v2\/types\/post"}],"author":[{"embeddable":true,"href":"http:\/\/www.elenacabrera.com\/weblog3\/wp-json\/wp\/v2\/users\/1"}],"replies":[{"embeddable":true,"href":"http:\/\/www.elenacabrera.com\/weblog3\/wp-json\/wp\/v2\/comments?post=2001684"}],"version-history":[{"count":0,"href":"http:\/\/www.elenacabrera.com\/weblog3\/wp-json\/wp\/v2\/posts\/2001684\/revisions"}],"wp:attachment":[{"href":"http:\/\/www.elenacabrera.com\/weblog3\/wp-json\/wp\/v2\/media?parent=2001684"}],"wp:term":[{"taxonomy":"category","embeddable":true,"href":"http:\/\/www.elenacabrera.com\/weblog3\/wp-json\/wp\/v2\/categories?post=2001684"},{"taxonomy":"post_tag","embeddable":true,"href":"http:\/\/www.elenacabrera.com\/weblog3\/wp-json\/wp\/v2\/tags?post=2001684"}],"curies":[{"name":"wp","href":"https:\/\/api.w.org\/{rel}","templated":true}]}}