{"id":2001692,"date":"2010-10-02T01:22:06","date_gmt":"2010-10-01T23:22:06","guid":{"rendered":""},"modified":"2019-05-25T19:22:19","modified_gmt":"2019-05-25T17:22:19","slug":"bloguitis-tengo","status":"publish","type":"post","link":"http:\/\/www.elenacabrera.com\/weblog3\/2010\/10\/02\/bloguitis-tengo\/","title":{"rendered":"Bloguitis tengo"},"content":{"rendered":"<p>Caigo de sue\u00f1o pero tengo bloguitis. Tengo muchas cr\u00f3nicas que convertir en post, pero poco tiempo en estos d\u00edas. Por ejemplo, y esto es importante, a\u00fan tengo que contar la fiesta de nuestro programa de radio \u00bfQuieres hacer el favor&#8230;? y ense\u00f1aros las mejores fotos, aquellas en las que no se me vea el maquillaje desgastado.<\/p>\n<p>Luego lleg\u00f3 la huelga general, y ya os dije que no la contar\u00eda desde aqu\u00ed, sino <a href=\"http:\/\/huelgageneral.radiocarcoma.com\">desde Radio Carcoma<\/a>, en un empe\u00f1o por soplar las brasas de un fuego casi extinguido, el de un colectivo disuelto y dormido. Quiz\u00e1s habr\u00eda m\u00e1s historias que contar, m\u00e1s all\u00e1 de lo que dijimos y grabamos, pero me resulta aburrido volver sobre lo dicho, aunque lo dijera en otro lugar.<\/p>\n<p><a href=\"http:\/\/www.flickr.com\/photos\/38068516@N03\/5041393798\/\" title=\"Fiesta pre-Experimentaclub por experimentaclub, en Flickr\"><img loading=\"lazy\" decoding=\"async\" src=\"http:\/\/farm5.static.flickr.com\/4130\/5041393798_f5a46437c9.jpg\" width=\"500\" height=\"333\" alt=\"Fiesta pre-Experimentaclub\" \/><\/a><\/p>\n<p>Un d\u00eda despu\u00e9s, ayer, comenz\u00f3 Experimentaclub, mi trabajo m\u00e1s importante en el \u00faltimo tercio del a\u00f1o. A m\u00ed me gustar\u00eda que mis lectores de The Last Dance se mudaran temporalmente a mi otro blog, <a href=\"http:\/\/www.experimentaclub.com\/blog\/\">En un Experimentaclub<\/a>, pues es ah\u00ed donde vivo estos d\u00edas. Como se que os da pereza, bombardeo por el Twitter con millones de anzuelos. Pero sabed que las mejores historias de estos d\u00edas las estoy contando <a href=\"http:\/\/www.experimentaclub.com\/blog\/\">ah\u00ed<\/a>. Y no sola, sino con <a href=\"http:\/\/vimeo.com\/miguelfernandez\">Miguel Fern\u00e1ndez Flores<\/a>, que es capaz de convertir mis ideas en im\u00e1genes hermosas, las historias en c\u00e1psula muy bien contadas. Mi trabajo es darle sentido a todo eso dentro de un proyecto: El concepto de probar sonido, que est\u00e1 dentro de otro proyecto m\u00e1s grande: el desaf\u00edo de narrar un festival de manera multimedia, online, en directo, a tiempo real.<\/p>\n<p>No os voy a contar los conciertos, porque para eso ya vais vosotros a veros. O van los cr\u00edticos musicales para escribir sus cr\u00f3nicas. Yo os voy a contar lo que no veis, lo que ocurre antes y despu\u00e9s.<\/p>\n","protected":false},"excerpt":{"rendered":"<p>Caigo de sue\u00f1o pero tengo bloguitis. Tengo muchas cr\u00f3nicas que convertir en post, pero poco tiempo en estos d\u00edas. Por ejemplo, y esto es importante, a\u00fan tengo que contar la fiesta de nuestro programa de radio \u00bfQuieres hacer el favor&#8230;? y ense\u00f1aros las mejores fotos, aquellas en las que no se me vea el maquillaje [&hellip;]<\/p>\n","protected":false},"author":1,"featured_media":0,"comment_status":"open","ping_status":"open","sticky":false,"template":"","format":"standard","meta":{"footnotes":""},"categories":[],"tags":[],"class_list":["post-2001692","post","type-post","status-publish","format-standard","hentry"],"_links":{"self":[{"href":"http:\/\/www.elenacabrera.com\/weblog3\/wp-json\/wp\/v2\/posts\/2001692","targetHints":{"allow":["GET"]}}],"collection":[{"href":"http:\/\/www.elenacabrera.com\/weblog3\/wp-json\/wp\/v2\/posts"}],"about":[{"href":"http:\/\/www.elenacabrera.com\/weblog3\/wp-json\/wp\/v2\/types\/post"}],"author":[{"embeddable":true,"href":"http:\/\/www.elenacabrera.com\/weblog3\/wp-json\/wp\/v2\/users\/1"}],"replies":[{"embeddable":true,"href":"http:\/\/www.elenacabrera.com\/weblog3\/wp-json\/wp\/v2\/comments?post=2001692"}],"version-history":[{"count":1,"href":"http:\/\/www.elenacabrera.com\/weblog3\/wp-json\/wp\/v2\/posts\/2001692\/revisions"}],"predecessor-version":[{"id":2002002648,"href":"http:\/\/www.elenacabrera.com\/weblog3\/wp-json\/wp\/v2\/posts\/2001692\/revisions\/2002002648"}],"wp:attachment":[{"href":"http:\/\/www.elenacabrera.com\/weblog3\/wp-json\/wp\/v2\/media?parent=2001692"}],"wp:term":[{"taxonomy":"category","embeddable":true,"href":"http:\/\/www.elenacabrera.com\/weblog3\/wp-json\/wp\/v2\/categories?post=2001692"},{"taxonomy":"post_tag","embeddable":true,"href":"http:\/\/www.elenacabrera.com\/weblog3\/wp-json\/wp\/v2\/tags?post=2001692"}],"curies":[{"name":"wp","href":"https:\/\/api.w.org\/{rel}","templated":true}]}}