{"id":2001694,"date":"2010-10-02T11:13:16","date_gmt":"2010-10-02T10:13:16","guid":{"rendered":""},"modified":"2010-10-02T12:10:46","modified_gmt":"2010-10-02T11:10:46","slug":"los-fotografos-de-conciertos","status":"publish","type":"post","link":"http:\/\/www.elenacabrera.com\/weblog3\/2010\/10\/02\/los-fotografos-de-conciertos\/","title":{"rendered":"Los fot\u00f3grafos de conciertos"},"content":{"rendered":"<p>Despu\u00e9s de tantos a\u00f1os trabajando en festivales y en revistas, conozco bien el trabajo de los fot\u00f3grafos de conciertos y, mal que me pese esta afirmaci\u00f3n porque tengo amigos que lo son, en general lo hacen mal.<\/p>\n<p>Es muy sencillo hacerlo mal y que parezca bien hecho, y probablemente casi imposible hacerlo bien. Y digo que es casi imposible porque s\u00f3lo muy de vez en cuando se encuentran fotos de lo que yo entiendo por una buena fotograf\u00eda de concierto.<\/p>\n<p><strong>\u00bfQu\u00e9 cosas hacen mal?<\/strong><\/p>\n<p>1. Confunden la fotograf\u00eda de un concierto con el retrato del artista. Por eso vemos tantos medios planos de se\u00f1or o se\u00f1ora con un micro junto a la cara y un instrumento en las manos. Que ese va a ser el resultado nos lo tememos siempre que vemos una nube de objetivos pegados a la posici\u00f3n del cantante en el foso.<\/p>\n<p>2. Creen que la foto del concierto es su foto desde el foso. Pero el p\u00fablico que va a un concierto no lo ve desde el foso. La posici\u00f3n privilegiada del fot\u00f3grafo en el foso falsea la imagen. Crea la representaci\u00f3n de un concierto que no existi\u00f3 para nadie ya que \u00bfpar qui\u00e9n toca el grupo, para el p\u00fablico o para el fot\u00f3grafo?<\/p>\n<p>3. Crean una luz falsa. Usar el flash (adem\u00e1s de estar prohibido en muchos casos) es una aberraci\u00f3n pues elimina toda la informaci\u00f3n concerniente al espect\u00e1culo de luces. A menudo hay un t\u00e9cnico de luces e incluso un dise\u00f1o pensado y dedicado para ese concierto en concreto. El flash no considera la iluminaci\u00f3n como parte del show, pero s\u00ed que lo es. Por otro lado, forzar la exposici\u00f3n par que entre m\u00e1s luz de la que vemos en el p\u00fablico, causa un efecto parecido al flash, no tanto como aquello, pero va en la misma l\u00ednea. A veces vemos fotos de concierto, sin flash, en los que parece que hubiera luz natural en la sala.<\/p>\n<p>4. Se olvidan de los detalles. Los fot\u00f3grafos suelen pensar (porque piensan en lo que quedar\u00e1 bien en la p\u00e1gina de la revista, la foto que le gustar\u00e1 a su redactor jefe, que no estuvo en el concierto) que lo importe es la expresividad del rostro del cantante. Pero el p\u00fablico nos fijamos en otras cosas, buscamos siempre los detalles: como coge uno la guitarra, las pegatinas que lleva, d\u00f3nde est\u00e1n los set list, c\u00f3mo se comunican entre s\u00ed los miembros del grupo, c\u00f3mo se comunican con el t\u00e9cnico, los gestos cuando algo va mal o va bien, la ropa que llevan, el calzado, el movimiento. El ojo del espectador no para de moverse pero nunca busca el plano general, sino ochocientos detalles por todo el escenario.<\/p>\n<p>5. Se olvidan de la sala. Un concierto se distingue de otro de una gira por su emplazamiento y por su p\u00fablico. As\u00ed que es importante que veamos d\u00f3nde se produce el concierto, qu\u00e9 tiene de especial, c\u00f3mo interact\u00faa el grupo con la sala, o c\u00f3mo puede estar influyendo su ac\u00fastica en la m\u00fasica.<\/p>\n<p>6. Se olvidan del p\u00fablico. \u00a0Dec\u00eda que cada concierto es diferente, tambi\u00e9n, por su p\u00fablico. El fot\u00f3grafo deja fuera al p\u00fablico, como si no le importara que estuvieran all\u00ed, y en cambio son casi igual de importantes que el grupo a la hora de narrar un concierto. Con frecuencia, el fot\u00f3grafo de foso se da la vuelta y saca una foto a la primera fila. Saben que pueden conseguir una foto peculiar, con los fans m\u00e1s fans, peculiares, vestidos para la ocasi\u00f3n. Pero es una foto de contraposici\u00f3n, no nos habla mucho del di\u00e1logo entre p\u00fablico y grupo.<\/p>\n<figure style=\"width: 432px\" class=\"wp-caption aligncenter\"><img loading=\"lazy\" decoding=\"async\" class=\" \" src=\"http:\/\/www.hedislimane.com\/diary\/admin\/images\/CF001753FIB%20071407.jpg\" alt=\"\" width=\"432\" height=\"325\" \/><figcaption class=\"wp-caption-text\">Foto: Hedi Slimane en Benic\u00e0ssim 2007<\/figcaption><\/figure>\n<figure style=\"width: 432px\" class=\"wp-caption aligncenter\"><img loading=\"lazy\" decoding=\"async\" class=\" \" src=\"http:\/\/www.hedislimane.com\/admin\/rockdiary\/upload\/pic\/6WHITESTRIPESStage_035.jpg\" alt=\"\" width=\"432\" height=\"324\" \/><figcaption class=\"wp-caption-text\">Foto: Hedi Slimane<\/figcaption><\/figure>\n<figure style=\"width: 450px\" class=\"wp-caption aligncenter\"><img loading=\"lazy\" decoding=\"async\" class=\" \" src=\"http:\/\/farm5.static.flickr.com\/4089\/5044066500_bda7d84a68.jpg\" alt=\"\" width=\"450\" height=\"300\" \/><figcaption class=\"wp-caption-text\">Esta foto de Xes\u00fas Valle en el Patio de La Casa Encendida la hizo ayer Miguel Fern\u00e1ndez Flores en el Experimentaclub.<\/figcaption><\/figure>\n<figure style=\"width: 432px\" class=\"wp-caption aligncenter\"><img loading=\"lazy\" decoding=\"async\" class=\" \" src=\"http:\/\/www.hedislimane.com\/admin\/rockdiary\/upload\/pic\/32DATSUNSStage_360.jpg\" alt=\"\" width=\"432\" height=\"324\" \/><figcaption class=\"wp-caption-text\">Foto: Hedi Slimane<\/figcaption><\/figure>\n","protected":false},"excerpt":{"rendered":"<p>Despu\u00e9s de tantos a\u00f1os trabajando en festivales y en revistas, conozco bien el trabajo de los fot\u00f3grafos de conciertos y, mal que me pese esta afirmaci\u00f3n porque tengo amigos que lo son, en general lo hacen mal. Es muy sencillo hacerlo mal y que parezca bien hecho, y probablemente casi imposible hacerlo bien. Y digo [&hellip;]<\/p>\n","protected":false},"author":1,"featured_media":0,"comment_status":"open","ping_status":"open","sticky":false,"template":"","format":"standard","meta":{"footnotes":""},"categories":[],"tags":[],"class_list":["post-2001694","post","type-post","status-publish","format-standard","hentry"],"_links":{"self":[{"href":"http:\/\/www.elenacabrera.com\/weblog3\/wp-json\/wp\/v2\/posts\/2001694","targetHints":{"allow":["GET"]}}],"collection":[{"href":"http:\/\/www.elenacabrera.com\/weblog3\/wp-json\/wp\/v2\/posts"}],"about":[{"href":"http:\/\/www.elenacabrera.com\/weblog3\/wp-json\/wp\/v2\/types\/post"}],"author":[{"embeddable":true,"href":"http:\/\/www.elenacabrera.com\/weblog3\/wp-json\/wp\/v2\/users\/1"}],"replies":[{"embeddable":true,"href":"http:\/\/www.elenacabrera.com\/weblog3\/wp-json\/wp\/v2\/comments?post=2001694"}],"version-history":[{"count":0,"href":"http:\/\/www.elenacabrera.com\/weblog3\/wp-json\/wp\/v2\/posts\/2001694\/revisions"}],"wp:attachment":[{"href":"http:\/\/www.elenacabrera.com\/weblog3\/wp-json\/wp\/v2\/media?parent=2001694"}],"wp:term":[{"taxonomy":"category","embeddable":true,"href":"http:\/\/www.elenacabrera.com\/weblog3\/wp-json\/wp\/v2\/categories?post=2001694"},{"taxonomy":"post_tag","embeddable":true,"href":"http:\/\/www.elenacabrera.com\/weblog3\/wp-json\/wp\/v2\/tags?post=2001694"}],"curies":[{"name":"wp","href":"https:\/\/api.w.org\/{rel}","templated":true}]}}