{"id":2001719,"date":"2010-10-14T12:44:10","date_gmt":"2010-10-14T11:44:10","guid":{"rendered":""},"modified":"2010-10-14T13:03:01","modified_gmt":"2010-10-14T12:03:01","slug":"ruben-esta-en-el-sahara-occidental","status":"publish","type":"post","link":"http:\/\/www.elenacabrera.com\/weblog3\/2010\/10\/14\/ruben-esta-en-el-sahara-occidental\/","title":{"rendered":"Rub\u00e9n y Susana est\u00e1n en el S\u00e1hara Occidental"},"content":{"rendered":"<p>No s\u00e9 mucho del S\u00e1hara pero siempre he querido saber m\u00e1s. <a href=\"http:\/\/www.zemos98.org\/\">ZEMOS98<\/a> participa en la cuarta edici\u00f3n de <a href=\"http:\/\/artifariti.blogspot.com\/\">ARTifariti?2010<\/a>, los IV Encuentros Internacionales? de Arte en los Territorios Liberados del S\u00e1hara Occidental. Esta es una buena oportunidad para saber m\u00e1s.<\/p>\n<p>Rub\u00e9n D\u00edaz de ZEMOS98 y <a href=\"http:\/\/susanaserrano.cc\/\">Susana Serrano (Russian Dolls)<\/a> participan en ARTifariti 2010 realizando talleres de comunicaci\u00f3n en los campos de refugiados saharauis de Tinduf (Argelia). Nos lo est\u00e1n contando en el blog <a href=\"http:\/\/blogs.zemos98.org\/27defebrero\/\">27 de febrero. La memoria de las voces del desierto<\/a> y en sus Twitters (<a href=\"http:\/\/twitter.com\/#!\/rubendiaz\">Rub\u00e9n<\/a>, <a href=\"http:\/\/twitter.com\/#!\/_russiandolls\">Susana<\/a>).<\/p>\n<p><img decoding=\"async\" src=\"http:\/\/farm5.static.flickr.com\/4105\/5065060081_44eaa2a85c.jpg\"><\/p>\n<p> Ayer <a href=\"http:\/\/blogs.zemos98.org\/27defebrero\/2010\/10\/13\/sahara-libre-wear-tu-tienes-cheitan\/\">le\u00edamos en el blog<\/a> sobre dos talleres relacionados con la ropa: A pintarropa! y Entretelas. Se hicieron ya el a\u00f1o pasado y tuvieron tanto \u00e9cito que les ha llevado a comercializar una l\u00ednea de ropa, <a href=\"http:\/\/saharalibrewear.blogspot.com\/\">Sahara Libre Wear<\/a>. \u00abDe esta manera\u00bb <a href=\"http:\/\/blogs.zemos98.org\/27defebrero\/2010\/10\/13\/sahara-libre-wear-tu-tienes-cheitan\/\">escribe<\/a> Susana, \u00abse consiguen dos objetivos muy importantes, dar una alternativa de trabajo a los j\u00f3venes que viven en los campamentos y difundir la lucha saharaui por todo el mundo\u00bb.<\/p>\n<p><object style=\"width:600;height:450\"><param name=\"movie\" value=\"http:\/\/static.issuu.com\/webembed\/viewers\/style1\/v1\/IssuuViewer.swf?mode=embed&amp;documentId=100926184658-514516d19d794afdb69191c4d182f59a&amp;documentUsername=ARTifariti&amp;documentName=catalogo_slw&amp;layout=http%3A%2F%2Fskin.issuu.com%2Fv%2Flight%2Flayout.xml&amp;showFlipBtn=true\" \/><param name=\"allowFullScreen\" value=\"true\" \/><embed src=\"http:\/\/static.issuu.com\/webembed\/viewers\/style1\/v1\/IssuuViewer.swf\" type=\"application\/x-shockwave-flash\" allowFullScreen=\"true\" style=\"width:600;height:450\" flashvars=\"mode=embed&amp;documentId=100926184658-514516d19d794afdb69191c4d182f59a&amp;documentUsername=ARTifariti&amp;documentName=catalogo_slw&amp;layout=http%3A%2F%2Fskin.issuu.com%2Fv%2Flight%2Flayout.xml&amp;showFlipBtn=true\" \/><\/object><\/p>\n<p>El taller de radio que va a realizar Rub\u00e9n <a href=\"http:\/\/blogs.zemos98.org\/27defebrero\/2010\/10\/07\/siempre-en-la-memoria-vivos-o-muertos\/\">se titula Siempre en la memoria. Vivos o muertos<\/a> y se inspira en una propuesta titulada \u00abLxs desconocidxs, retratos de desaparecidxs saharauis\u00bb que comenz\u00f3 en el a\u00f1o 2009. \u00abEn cada uno de los tres programas nos entrevistaremos con tres familias de desaparecidos. El objetivo es retratar a los desaparecidos a trav\u00e9s del o\u00eddo. Por eso hablamos de retratos orales. Con la recuperaci\u00f3n de la memoria de los desaparecidos apoyamos la lucha saharaui y hacemos de altavoz de la terrible injusticia que sufre desde hace treinta y cinco a\u00f1os el S\u00e1hara Occidental\u00bb, <a href=\"http:\/\/blogs.zemos98.org\/27defebrero\/2010\/10\/07\/siempre-en-la-memoria-vivos-o-muertos\/\">escribe<\/a> Rub\u00e9n.<\/p>\n<p><img decoding=\"async\" src=\"http:\/\/blogs.zemos98.org\/27defebrero\/files\/pizarrataller.jpg\"><\/p>\n<p>Las emisiones de los tres programas se realizan en Radio Lejwad en el campamento de Auserd. Dos ya se han emitido (el lunes 11 y el mi\u00e9rcoles 13), falta uno m\u00e1s el s\u00e1bado 16 de octubre.<\/p>\n<p><iframe loading=\"lazy\" width=\"425\" height=\"350\" frameborder=\"0\" scrolling=\"no\" marginheight=\"0\" marginwidth=\"0\" src=\"http:\/\/maps.google.es\/maps?f=q&amp;source=s_q&amp;hl=es&amp;q=Ausert,+Oued+Ed+Dahab,+Sahara+Occidental&amp;sll=40.396764,-3.713379&amp;sspn=13.293359,23.225098&amp;ie=UTF8&amp;cd=1&amp;geocode=FWggWAEdMm8l_w&amp;split=0&amp;hq=&amp;hnear=Ausert,+Oued+Ed+Dahab,+Sahara+Occidental&amp;ll=22.55268,-14.323918&amp;spn=4.032476,5.806274&amp;t=h&amp;z=8&amp;output=embed\"><\/iframe><br \/><small><a href=\"http:\/\/maps.google.es\/maps?f=q&amp;source=embed&amp;hl=es&amp;q=Ausert,+Oued+Ed+Dahab,+Sahara+Occidental&amp;sll=40.396764,-3.713379&amp;sspn=13.293359,23.225098&amp;ie=UTF8&amp;cd=1&amp;geocode=FWggWAEdMm8l_w&amp;split=0&amp;hq=&amp;hnear=Ausert,+Oued+Ed+Dahab,+Sahara+Occidental&amp;ll=22.55268,-14.323918&amp;spn=4.032476,5.806274&amp;t=h&amp;z=8\" style=\"color:#0000FF;text-align:left\">Ver mapa m\u00e1s grande<\/a><\/small><\/p>\n<p>En nuestro Norte hiperconectado no pensamos en las dificultades para conectarse con el mundo desde el desierto y contar la vida propia. Leed<a href=\"http:\/\/blogs.zemos98.org\/27defebrero\/2010\/10\/10\/lo-puede-ver-todo-el-mundo\/\"> lo que escribe Susana<\/a>:<\/p>\n<p>\u00abA veces sucede que es dif\u00edcil mantener la conexi\u00f3n por cosas como que se produzcan bajadas de tensi\u00f3n o que el viento fuerte mueva la antena y se pierda el enlace con el sat\u00e9lite, lo cual requiere de que un t\u00e9cnico (bueno, el Ministro de Telecomunicaciones del Gobierno) tenga que hablar por chat con Espa\u00f1a para recuperar la se\u00f1al. El hecho de que, adem\u00e1s, en la \u00faltima reuni\u00f3n evaluativa que tuvimos se considerara la posibilidad de mantener el acceso a Internet permanentemente para hacer sostenibles algunos proyectos, ha terminado por convencerme de que realmente la lucha se abre a nuevas posibilidades. Adem\u00e1s, uno de los principales problemas de la vida en los campamentos es la inactividad de la mayor\u00eda de la poblaci\u00f3n, la espera que no termina. Por tanto, facilitar este tipo de herramientas de informaci\u00f3n, comunicaci\u00f3n, formaci\u00f3n y producci\u00f3n se convierte en un factor altamente prioritario\u00bb.<\/p>\n","protected":false},"excerpt":{"rendered":"<p>No s\u00e9 mucho del S\u00e1hara pero siempre he querido saber m\u00e1s. ZEMOS98 participa en la cuarta edici\u00f3n de ARTifariti?2010, los IV Encuentros Internacionales? de Arte en los Territorios Liberados del S\u00e1hara Occidental. Esta es una buena oportunidad para saber m\u00e1s. Rub\u00e9n D\u00edaz de ZEMOS98 y Susana Serrano (Russian Dolls) participan en ARTifariti 2010 realizando talleres [&hellip;]<\/p>\n","protected":false},"author":1,"featured_media":0,"comment_status":"open","ping_status":"open","sticky":false,"template":"","format":"standard","meta":{"footnotes":""},"categories":[],"tags":[],"class_list":["post-2001719","post","type-post","status-publish","format-standard","hentry"],"_links":{"self":[{"href":"http:\/\/www.elenacabrera.com\/weblog3\/wp-json\/wp\/v2\/posts\/2001719","targetHints":{"allow":["GET"]}}],"collection":[{"href":"http:\/\/www.elenacabrera.com\/weblog3\/wp-json\/wp\/v2\/posts"}],"about":[{"href":"http:\/\/www.elenacabrera.com\/weblog3\/wp-json\/wp\/v2\/types\/post"}],"author":[{"embeddable":true,"href":"http:\/\/www.elenacabrera.com\/weblog3\/wp-json\/wp\/v2\/users\/1"}],"replies":[{"embeddable":true,"href":"http:\/\/www.elenacabrera.com\/weblog3\/wp-json\/wp\/v2\/comments?post=2001719"}],"version-history":[{"count":0,"href":"http:\/\/www.elenacabrera.com\/weblog3\/wp-json\/wp\/v2\/posts\/2001719\/revisions"}],"wp:attachment":[{"href":"http:\/\/www.elenacabrera.com\/weblog3\/wp-json\/wp\/v2\/media?parent=2001719"}],"wp:term":[{"taxonomy":"category","embeddable":true,"href":"http:\/\/www.elenacabrera.com\/weblog3\/wp-json\/wp\/v2\/categories?post=2001719"},{"taxonomy":"post_tag","embeddable":true,"href":"http:\/\/www.elenacabrera.com\/weblog3\/wp-json\/wp\/v2\/tags?post=2001719"}],"curies":[{"name":"wp","href":"https:\/\/api.w.org\/{rel}","templated":true}]}}