{"id":2001748,"date":"2010-10-27T10:35:48","date_gmt":"2010-10-27T09:35:48","guid":{"rendered":""},"modified":"2016-08-31T12:45:28","modified_gmt":"2016-08-31T12:45:28","slug":"malas-practicas-informativas","status":"publish","type":"post","link":"http:\/\/www.elenacabrera.com\/weblog3\/2010\/10\/27\/malas-practicas-informativas\/","title":{"rendered":"Malas pr\u00e1cticas informativas"},"content":{"rendered":"<p>En el n\u00famero de Diagonal que a\u00fan ten\u00e9is en los <a href=\"http:\/\/www.diagonalperiodico.net\/-Distribucion-.html\">quioscos<\/a>, <a href=\"http:\/\/www.diagonalperiodico.net\/Portada-numero-135.html\">el 135<\/a>, lleva cuatro recuadros m\u00edos dentro de un <a href=\"http:\/\/www.diagonalperiodico.net\/Pre-parados-en-los-medios-de-masas.html\">gran reportaje sobre la crisis en los medios de comunicaci\u00f3n de masas<\/a>:<\/p>\n<p><strong>Ruedas de prensa para grabadoras humanas<\/strong><\/p>\n<p>Los pol\u00edticos despliegan su aparato de propaganda en los medios de comunicaci\u00f3n, intentando convertir al periodista en un altavoz en lugar de en un mediador con la ciudadan\u00eda. En 2008 y a ra\u00edz de la campa\u00f1a electoral, directores de peri\u00f3dicos y otros representantes de la profesi\u00f3n lanzaron un comunicado conjunto anunciando que \u201clas declaraciones sin preguntas no merecen la comparecencia de periodistas\u201d. Algunos medios como P\u00fablico o El Correo Gallego anunciaron que no enviar\u00edan grabadoras humanas a cubrir declaraciones institucionales en las que no estuvieran permitidas las preguntas. \u201cLas circunstancias han cambiado \u00faltimamente porque el PP, que fue quien provoc\u00f3 la ira de los medios, ha dejado de hacerlo\u201d, aclara Salom\u00e9 Garc\u00eda, Jefa de Informaci\u00f3n de P\u00fablico.<br \/>\nEn esta misma l\u00ednea de control de la imagen pol\u00edtica, las televisiones se quejan de que la se\u00f1al ya realizada y editada de m\u00edtines y actos de partidos pol\u00edticos es la \u00fanica disponible. Este verano, el Consejo de RTVE aprob\u00f3 que en los informativos del ente p\u00fablico se informara de que esas im\u00e1genes han sido proporcionadas por el partido pol\u00edtico o que en esas declaraciones no estaban permitidas las preguntas.<br \/>\nAdem\u00e1s, los medios ven como una misi\u00f3n imposible recabar datos de la Administraci\u00f3n central y las Comunidades Aut\u00f3nomas. La opacidad respecto a sueldos y gastos p\u00fablicos es dif\u00edcil de quebrar.<\/p>\n<p><strong>La frontera entre publicidad e informaci\u00f3n<\/strong><\/p>\n<p>En septiembre, la Federaci\u00f3n de Asociaciones de Periodistas (FAPE) aprob\u00f3 la Declaraci\u00f3n de Pamplona denunciando la \u201cbanalizaci\u00f3n de la informaci\u00f3n\u201d y la crisis laboral \u201cm\u00e1s grave de la historia del periodismo\u201d, entre otros asuntos. Este documento recuerda a los periodistas que hacen anuncios publicitarios con \u00e1nimo de lucro que el C\u00f3digo \u00e9tico y deontol\u00f3gico declara \u201cincompatible el ejercicio de la profesi\u00f3n period\u00edstica con la publicidad remunerada\u201d. A pesar de ello, las voces de los locutores, especialmente los deportivos, nos confunden con un revoltillo de publicidad e informaci\u00f3n.<br \/>\n\u201cLa ca\u00edda en ingresos de publicidad es tan brutal que pasamos por pr\u00e1cticas que hace quince a\u00f1os no se hac\u00edan\u201d, explica Salom\u00e9 Garc\u00eda. Los anunciantes pagan por publirreportajes \u2013publicidad con apariencia informativa- \u201cy no quieren que aparezca etiquetado como publicidad\u201d. Por eso los peri\u00f3dicos se esfuerzan en distinguir esos cuadernillos con una maquetaci\u00f3n diferente.<br \/>\nEn casos peores, no nos damos cuenta de que la informaci\u00f3n que nos llega es autopromocional, institucional o econ\u00f3micamente interesada. En las televisiones, la importancia de unas noticias deportivas sobre otras est\u00e1 relacionada con qui\u00e9n posee los derechos de retransmisi\u00f3n. Otro ejemplo: los medios que forman parte de un conglomerado con negocio editorial no hablan mal jam\u00e1s de los libros de la casa.<\/p>\n<p><strong>La urgencia de Internet<\/strong><\/p>\n<p>Una de las denuncias de la FAPE es ese \u201cnuevo escenario digital\u201d que en gran medida se basa \u201cen el rumor y la difamaci\u00f3n\u201d. Los medios online se sienten presionados por los lectores que buscan informaci\u00f3n r\u00e1pida e instant\u00e1nea de algo que est\u00e1 sucediendo en ese momento. Por ello, el periodismo digital publica, con frecuencia, sin contrastar debidamente. Se convierten en amplificadores de bulos y de informaci\u00f3n parcial e interesada.<br \/>\nLas webs de informaci\u00f3n necesitan generar muchas p\u00e1ginas para ganar credenciales ante Google y obtener mejores posicionamientos. Para ello, publican todo el flujo de teletipos que les llega de las agencias contratadas. Esta pr\u00e1ctica, junto a la de los agregadores de noticias de otros medios v\u00eda robots, amenazan con convertir el acto de la responsabilidad informativa que supone la publicaci\u00f3n en un acto de ganancia de tr\u00e1fico, es decir, ingresos econ\u00f3micos. Pero las agencias de noticias, debido a la precariedad de sus colaboradores, han dejado de ser fuentes fiables. No s\u00f3lo nos transmiten informaciones err\u00f3neas, sino que muchos de sus despachos son notas de prensa de empresas e instituciones ligeramente modificadas.<\/p>\n<p style=\"text-align: center;\"><img loading=\"lazy\" decoding=\"async\" class=\"aligncenter\" src=\"http:\/\/www.diagonalperiodico.net\/IMG\/jpg\/abc.jpg\" alt=\"\" width=\"440\" height=\"331\" \/><\/p>\n<p><strong>A la rentabilidad por el recorte<\/strong><\/p>\n<p>David Beriain, corresponsal de guerra actualmente en Cuatro, analiza que los medios est\u00e1n dejando de explicar porqu\u00e9 ocurren las noticias en territorios lejanos. Esto es debido a que los recortes presupuestarios est\u00e1n sustituyendo a los corresponsales estables por enviados especiales. El reportero llega cuando la noticia ya ha sucedido; sin fuentes, sin bagaje, \u00bfqu\u00e9 historia nos va a contar?<br \/>\nLa rentabilidad de la empresa informativa prefiere un redactor de 25 a\u00f1os que va a aceptar un salario m\u00ednimo en lugar de un experto de 50, al que sale mejor prejubilar. Se cubren con becarios no remunerados las posiciones de redactores y se intentar resolver los problemas de liquidez recortando masa salarial y p\u00e1ginas de papel.<br \/>\nSeg\u00fan el Observatorio de la Crisis de la FAPE, desde noviembre de 2008 hasta septiembre de 2010 se han perdido 3.434 puestos de trabajo de periodistas en el Estado espa\u00f1ol debido a recortes, cierres y EREs. La precariedad de los freelances, que suponen un 42% de los periodistas que trabajan en prensa diaria, es preocupante por el descenso en picado de las tarifas, los pagos a 90 d\u00edas y la inestabilidad.<br \/>\nLos profesionales se preguntan si la estructura heredada de los peri\u00f3dicos de hace 20 a\u00f1os aguanta la realidad actual o si debemos repensar qu\u00e9 es el periodismo en lugar de seguir pegando parches.<\/p>\n<p>Puedes leer aqu\u00ed la <a href=\"http:\/\/www.diagonalperiodico.net\/Malas-practicas-informativas.html\">versi\u00f3n online en la web de Diagonal<\/a>.<\/p>\n","protected":false},"excerpt":{"rendered":"<p>En el n\u00famero de Diagonal que a\u00fan ten\u00e9is en los quioscos, el 135, lleva cuatro recuadros m\u00edos dentro de un gran reportaje sobre la crisis en los medios de comunicaci\u00f3n de masas: Ruedas de prensa para grabadoras humanas Los pol\u00edticos despliegan su aparato de propaganda en los medios de comunicaci\u00f3n, intentando convertir al periodista en [&hellip;]<\/p>\n","protected":false},"author":1,"featured_media":0,"comment_status":"open","ping_status":"open","sticky":false,"template":"","format":"standard","meta":{"footnotes":""},"categories":[2],"tags":[],"class_list":["post-2001748","post","type-post","status-publish","format-standard","hentry","category-twentytwentyfive"],"_links":{"self":[{"href":"http:\/\/www.elenacabrera.com\/weblog3\/wp-json\/wp\/v2\/posts\/2001748","targetHints":{"allow":["GET"]}}],"collection":[{"href":"http:\/\/www.elenacabrera.com\/weblog3\/wp-json\/wp\/v2\/posts"}],"about":[{"href":"http:\/\/www.elenacabrera.com\/weblog3\/wp-json\/wp\/v2\/types\/post"}],"author":[{"embeddable":true,"href":"http:\/\/www.elenacabrera.com\/weblog3\/wp-json\/wp\/v2\/users\/1"}],"replies":[{"embeddable":true,"href":"http:\/\/www.elenacabrera.com\/weblog3\/wp-json\/wp\/v2\/comments?post=2001748"}],"version-history":[{"count":1,"href":"http:\/\/www.elenacabrera.com\/weblog3\/wp-json\/wp\/v2\/posts\/2001748\/revisions"}],"predecessor-version":[{"id":2002002024,"href":"http:\/\/www.elenacabrera.com\/weblog3\/wp-json\/wp\/v2\/posts\/2001748\/revisions\/2002002024"}],"wp:attachment":[{"href":"http:\/\/www.elenacabrera.com\/weblog3\/wp-json\/wp\/v2\/media?parent=2001748"}],"wp:term":[{"taxonomy":"category","embeddable":true,"href":"http:\/\/www.elenacabrera.com\/weblog3\/wp-json\/wp\/v2\/categories?post=2001748"},{"taxonomy":"post_tag","embeddable":true,"href":"http:\/\/www.elenacabrera.com\/weblog3\/wp-json\/wp\/v2\/tags?post=2001748"}],"curies":[{"name":"wp","href":"https:\/\/api.w.org\/{rel}","templated":true}]}}