{"id":2001769,"date":"2010-10-31T11:49:10","date_gmt":"2010-10-31T10:49:10","guid":{"rendered":""},"modified":"2010-10-31T11:49:56","modified_gmt":"2010-10-31T10:49:56","slug":"orgullo-underground","status":"publish","type":"post","link":"http:\/\/www.elenacabrera.com\/weblog3\/2010\/10\/31\/orgullo-underground\/","title":{"rendered":"Orgullo underground"},"content":{"rendered":"<p>Todav\u00eda pod\u00e9is pasar por la Casa de Vacas de El Retiro para curiosear en la <a href=\"http:\/\/www.semanagoticademadrid.com\/sgm2010\/index.html\">Semana G\u00f3tica<\/a>. La ubicaci\u00f3n de este a\u00f1o es mucho mejor que la <em>cortilandesca<\/em> plaza de Felipe II que les fue cedida en 2009. Es bonito entrar a El Retiro por el t\u00fanel que enlaza con el metro, caminar sobre el barrio y las hojas secas, bajo una leve llovizna, y aproximarse por atajos hasta el quiosco de m\u00fasica, donde uno descubre a infiltrados adolescentes practicando para-para, todav\u00eda descoordinados.<\/p>\n<p>Superado el quiosco, se alcanza la Casa de Vacas por la parte de atr\u00e1s, por lo que necesario bordearlo entre regueros de agua y arena. Ya se ven las casetas, que parecen menos que en la edici\u00f3n anterior, quiz\u00e1s por la ausencia de la precisa selecci\u00f3n que la Fnac mont\u00f3 el a\u00f1o pasado. Mejor que no est\u00e9 la Fnac, pienso, pues fagocitan a los peque\u00f1os. Probablemente las editoriales que est\u00e1n aguantando el viento y el fr\u00edo tambi\u00e9n se alegran, aunque al no estar en una zona comercial de paso, como lo era Goya, les har\u00e1 vender mucho menos. No veo ning\u00fan puesto de discos. Quiz\u00e1 lo haya, no puedo asegurarlo del todo.<\/p>\n<p>El Ayuntamiento deber\u00eda haberles cedido el interior de la Casa de Vacas como espacio expositivo. Resulta chocante ver cuadros ajenos, invisibles, en las paredes que rodear al estupendo auditorio, y comprobar como la muestra art\u00edstica seleccionada por la Semana G\u00f3tica se empapa por la humedad en las casetas de afuera.<\/p>\n<p>El auditorio, como he dicho, es estupendo. La escenograf\u00eda es mala, no obstante. Insisto en ello una y otra vez: hay que quitar la mesa alta y horizontal, que interrumpe el di\u00e1logo y clava una zanja como segunda barrera entre los conferenciantes y el p\u00fablico. Para empeorarlo, la mesa era alta y las sillas peque\u00f1as, por lo que desde la tercera fila las caras se ve\u00edan cortadas, a veces incluso ocultas tras las botellas de agua.<\/p>\n<p><img decoding=\"async\" src=\"http:\/\/farm5.static.flickr.com\/4013\/5131465706_f179d45238_m.jpg\" alt=\"\" \/> <img decoding=\"async\" src=\"http:\/\/farm2.static.flickr.com\/1078\/5130864731_e7611fb6d1_m.jpg\" alt=\"\" \/><\/p>\n<p><strong><a href=\"http:\/\/heresyandbeauty.wordpress.com\/\">Pedro Ortega<\/a><\/strong> habl\u00f3 sobre la relaci\u00f3n entre la m\u00fasica y el arte o el dise\u00f1o, para luego centrarse en la absenta y la m\u00fasica, a ra\u00edz de un grabado, que analiz\u00f3, de Ra\u00fal Moreira. Tras \u00e9l, tom\u00f3 el estrado un grupo de hombres enfadados con todos y con todo, para una mesa redonda cuyo t\u00edtulo no estaba claro: \u00bfqu\u00e9 importancia tiene la m\u00fasica g\u00f3tica en la escena o qu\u00e9 importancia tiene la m\u00fasica en la escena g\u00f3tica? Jorge Rara Avis, moderador de la mesa, aclar\u00f3 que el t\u00edtulo correcto era el primero, aunque en realidad se acab\u00f3 hablando bastante de lo segundo. Se atac\u00f3 mucho (a SGAE, los operadores de cable, las descargas gratuitas, los dj&#8217;s que ponen lo de siempre), se recordaron los viejos tiempos (\u00abyo tengo 35 a\u00f1os y me he comprado 3.000 discos\u00bb, \u00abno puedes comparar a un chaval que se baja toda la m\u00fasica de un estilo en un s\u00f3lo d\u00eda con los 25 a\u00f1os que me ha costado a m\u00ed comprarme y escuchar esos discos\u00bb, \u00abantes est\u00e1bamos por la m\u00fasica y nos pon\u00edamos cualquier cosa que tuvi\u00e9ramos en el armario, ahora est\u00e1n por las pintas\u00bb) y no se aportaron ideas, ni una.<\/p>\n<p>Se dijeron, a mi entender, algunas burradas, tozudeces y alg\u00fan que otro comentario reaccionario y faloc\u00e9ntrico al que ya me hab\u00eda desacostumbrado.<\/p>\n<p>Aunque comparto muchas de sus preocupaciones, no puedo decir lo mismo de sus conclusiones. \u00bfMi opini\u00f3n? Que una m\u00fasica minoritaria, dif\u00edcil y radical como es la m\u00fasica que nos gusta, necesita de soluciones minoritarias, dif\u00edcil y radicales. Nadie mencion\u00f3, ni por asomo, las puertas que el copyleft y las licencias libres abren para cobijar una escena denostada por las multinacionales, SGAE, etc. Si est\u00e1 claro que no podemos jugar en esa liga, hay que cambiar las reglas de nuestro juego y aceptar ser underground con orgullo de serlo.<\/p>\n<p>Como broche final de la mesa redonda, la directora de la semana,<strong> <a href=\"http:\/\/marjorieeljach.blogspot.com\">Marjorie Eljach<\/a><\/strong>, contest\u00f3 una pregunta del p\u00fablico sobre el poco nivel de los conciertos. Su respuesta fue tan sincera y visceral que despert\u00f3 los aplausos de la sala. Nos cont\u00f3 exactamente su presupuesto (12.000 euros), que no pueden imprimir ni un cartel hasta que un mes antes el Ministerio de Cultura no les da los 4.000 euros que aportan. Que nadie cobra nada, ni los grupos, ni los conferenciantes, que todos los que trabajan en la Semana G\u00f3tica son voluntarios y que tuvo que venir una colombiana (\u00abcaribbean goth\u00bb, brome\u00f3 sobre s\u00ed misma con iron\u00eda) a montar algo como esto y pelearse no s\u00f3lo contra todo el mundo sino contra la desconfianza de la propia escena, que se pregunta de d\u00f3nde habr\u00e1 salido esta. Los que con desprecio se hacen esa pregunta no han movido un dedo, hagamos autocr\u00edtica, por hacer nada que aporte valor cultural a esta desagradecida ciudad.<\/p>\n","protected":false},"excerpt":{"rendered":"<p>Todav\u00eda pod\u00e9is pasar por la Casa de Vacas de El Retiro para curiosear en la Semana G\u00f3tica. La ubicaci\u00f3n de este a\u00f1o es mucho mejor que la cortilandesca plaza de Felipe II que les fue cedida en 2009. Es bonito entrar a El Retiro por el t\u00fanel que enlaza con el metro, caminar sobre el [&hellip;]<\/p>\n","protected":false},"author":1,"featured_media":0,"comment_status":"open","ping_status":"open","sticky":false,"template":"","format":"standard","meta":{"footnotes":""},"categories":[],"tags":[],"class_list":["post-2001769","post","type-post","status-publish","format-standard","hentry"],"_links":{"self":[{"href":"http:\/\/www.elenacabrera.com\/weblog3\/wp-json\/wp\/v2\/posts\/2001769","targetHints":{"allow":["GET"]}}],"collection":[{"href":"http:\/\/www.elenacabrera.com\/weblog3\/wp-json\/wp\/v2\/posts"}],"about":[{"href":"http:\/\/www.elenacabrera.com\/weblog3\/wp-json\/wp\/v2\/types\/post"}],"author":[{"embeddable":true,"href":"http:\/\/www.elenacabrera.com\/weblog3\/wp-json\/wp\/v2\/users\/1"}],"replies":[{"embeddable":true,"href":"http:\/\/www.elenacabrera.com\/weblog3\/wp-json\/wp\/v2\/comments?post=2001769"}],"version-history":[{"count":0,"href":"http:\/\/www.elenacabrera.com\/weblog3\/wp-json\/wp\/v2\/posts\/2001769\/revisions"}],"wp:attachment":[{"href":"http:\/\/www.elenacabrera.com\/weblog3\/wp-json\/wp\/v2\/media?parent=2001769"}],"wp:term":[{"taxonomy":"category","embeddable":true,"href":"http:\/\/www.elenacabrera.com\/weblog3\/wp-json\/wp\/v2\/categories?post=2001769"},{"taxonomy":"post_tag","embeddable":true,"href":"http:\/\/www.elenacabrera.com\/weblog3\/wp-json\/wp\/v2\/tags?post=2001769"}],"curies":[{"name":"wp","href":"https:\/\/api.w.org\/{rel}","templated":true}]}}