{"id":2001813,"date":"2010-11-10T16:08:37","date_gmt":"2010-11-10T15:08:37","guid":{"rendered":""},"modified":"2010-11-22T13:37:36","modified_gmt":"2010-11-22T12:37:36","slug":"llamamiento-ciudadano-pleno-alternativo","status":"publish","type":"post","link":"http:\/\/www.elenacabrera.com\/weblog3\/2010\/11\/10\/llamamiento-ciudadano-pleno-alternativo\/","title":{"rendered":"Llamamiento ciudadano a un pleno alternativo"},"content":{"rendered":"<p>Ma\u00f1ana, en la Plaza de la Villa de Madrid, tendr\u00e1 lugar un pleno ciudadano alternativo para protestar por las dificultades para participar en la gesti\u00f3n de los distritos y la elevaci\u00f3n de los impuestos municipales, para recibir menos:<\/p>\n<p>\u00abPagamos m\u00e1s para recibir menos. Es lo que, desde hace meses, sienten las vecinas y vecinos de Madrid, que vuelven a pagar una tasa de la basura a cuya imposici\u00f3n le ha seguido un notable deterioro de la limpieza de las calles y un IBI que, lejos de congelarse, como anuncia a bombo y platillo el Ayuntamiento de la capital, sube un 6%.<br \/>\nA cambio, algunos servicios municipales, como la ayuda a domicilio o la limpieza de calles y zonas verdes se deteriora d\u00eda a d\u00eda y las inversiones caen hasta el punto de paralizar la construcci\u00f3n de equipamientos esenciales para la ciudadan\u00eda (escuelas infantiles, equipamientos deportivos&#8230;).<br \/>\nA juicio de la Federaci\u00f3n Regional de Asociaciones de Vecinos de Madrid (FRAVM) y de los grupos municipales del PSOE e IU, la crisis econ\u00f3mica y el modelo de financiaci\u00f3n municipal no explican por s\u00ed solos estos recortes, que responden, m\u00e1s bien a la deuda acumulada por la ejecuci\u00f3n de proyectos megal\u00f3manos y el despilfarro a los que se ha consagrado durante a\u00f1os la acci\u00f3n del equipo de Gobierno de Alberto Ruiz Gallard\u00f3n.<br \/>\nEn este marco y, tambi\u00e9n con la crisis como coartada, <strong>el alcalde ha recortado el horario de apertura de las dependencias municipales obligando as\u00ed a celebrar los plenos de distrito a las dos de la tarde<\/strong>, una medida que, sumada a un fallido modelo de participaci\u00f3n ciudadana basado en la <strong>falta de competencias de las juntas municipales<\/strong>, supone un paso atr\u00e1s en lo que se refiere a la calidad democr\u00e1tica de nuestra ciudad.<br \/>\nPor todo ello, las tres organizaciones han convocado un pleno ciudadano alternativo que se celebrar\u00e1 el<strong> jueves 11 de noviembre a las 18h en la plaza de la Villa<\/strong>.<br \/>\nEn el acto intervendr\u00e1n representantes de la FRAVM y los portavoces de los grupos municipales del PSOE e IU. Se dar\u00e1 voz, asimismo, a los trabajadores de los servicios de limpieza de Madrid, a los vecinos afectados por la incineradora de Valdeming\u00f3mez y a las familias afectadas por la venta de cuatro promociones de vivienda p\u00fablica de la EMVS, entre otros\u00bb.<\/p>\n<p><strong>Tasa de basura que he pagado este a\u00f1o: 47 euros.<\/strong><br \/>\nEl Ayuntamiento ingres\u00f3 166 millones de euros extras con la tasa de basuras. \u00bfQu\u00e9 obtenemos a cambio? El Ayuntamiento cancela la recogida mensual de muebles viejos. Se despiden a 3.000 empleados municipales de la limpieza. Adem\u00e1s, el Ayuntamiento de Madrid debe todas las mensualiades de 2010 a la asociaci\u00f3n de empresas de limpieza p\u00fablica (Aselip). El 1 de diciembre habr\u00e1 una concentraci\u00f3n  a las 18.30h en la calle Montalb\u00e1n, junto al Palacio de Comunicaciones, en Cibeles, convocada por la FRAVM.<\/p>\n<p><strong>Impuesto IBI para de este a\u00f1o: 252 euros.<\/strong><br \/>\nY a cambio, \u00bfqu\u00e9? El derecho a seguir pagando una hipoteca que nos ahoga mes a mes. Gracias, Ayuntamiento de Madrid.<\/p>\n","protected":false},"excerpt":{"rendered":"<p>Ma\u00f1ana, en la Plaza de la Villa de Madrid, tendr\u00e1 lugar un pleno ciudadano alternativo para protestar por las dificultades para participar en la gesti\u00f3n de los distritos y la elevaci\u00f3n de los impuestos municipales, para recibir menos: \u00abPagamos m\u00e1s para recibir menos. Es lo que, desde hace meses, sienten las vecinas y vecinos de [&hellip;]<\/p>\n","protected":false},"author":1,"featured_media":0,"comment_status":"open","ping_status":"open","sticky":false,"template":"","format":"standard","meta":{"footnotes":""},"categories":[],"tags":[],"class_list":["post-2001813","post","type-post","status-publish","format-standard","hentry"],"_links":{"self":[{"href":"http:\/\/www.elenacabrera.com\/weblog3\/wp-json\/wp\/v2\/posts\/2001813","targetHints":{"allow":["GET"]}}],"collection":[{"href":"http:\/\/www.elenacabrera.com\/weblog3\/wp-json\/wp\/v2\/posts"}],"about":[{"href":"http:\/\/www.elenacabrera.com\/weblog3\/wp-json\/wp\/v2\/types\/post"}],"author":[{"embeddable":true,"href":"http:\/\/www.elenacabrera.com\/weblog3\/wp-json\/wp\/v2\/users\/1"}],"replies":[{"embeddable":true,"href":"http:\/\/www.elenacabrera.com\/weblog3\/wp-json\/wp\/v2\/comments?post=2001813"}],"version-history":[{"count":0,"href":"http:\/\/www.elenacabrera.com\/weblog3\/wp-json\/wp\/v2\/posts\/2001813\/revisions"}],"wp:attachment":[{"href":"http:\/\/www.elenacabrera.com\/weblog3\/wp-json\/wp\/v2\/media?parent=2001813"}],"wp:term":[{"taxonomy":"category","embeddable":true,"href":"http:\/\/www.elenacabrera.com\/weblog3\/wp-json\/wp\/v2\/categories?post=2001813"},{"taxonomy":"post_tag","embeddable":true,"href":"http:\/\/www.elenacabrera.com\/weblog3\/wp-json\/wp\/v2\/tags?post=2001813"}],"curies":[{"name":"wp","href":"https:\/\/api.w.org\/{rel}","templated":true}]}}