{"id":200187,"date":"2008-12-17T17:43:16","date_gmt":"2008-12-17T15:43:16","guid":{"rendered":""},"modified":"2020-06-24T08:32:18","modified_gmt":"2020-06-24T06:32:18","slug":"los-guionistas-luchan-por-el-valor-de-la-palabra","status":"publish","type":"post","link":"http:\/\/www.elenacabrera.com\/weblog3\/2008\/12\/17\/los-guionistas-luchan-por-el-valor-de-la-palabra\/","title":{"rendered":"Los guionistas luchan por el valor de la palabra"},"content":{"rendered":"<p><strong>Tras muchos a\u00f1os de pelea en la sombra, ese profesional solitario que escribe en un papel lo que otros transformar\u00e1n en imagen comienza a movilizarse por sus derechos laborales | Los guionistas espa\u00f1oles dicen que \u00abhay motivo para la huelga\u00bb<\/strong><\/p>\n<p>Desde que se puso el Proyecto de <strong>Ley del Cine<\/strong> sobre la mesa de la c\u00e1mara del Congreso de los Diputados en junio de 2007, la cinematograf\u00eda en Espa\u00f1a ha sido, unas veces, un tira y afloja de la cuerda y, otras, una guerra de almohadas a plumazo limpio.<\/p>\n<p>A\u00f1o y medio despu\u00e9s, el Gobierno ha querido dar carpetazo -con un Real Decreto que desarrolle la Ley del Cine- a un pol\u00e9mico tema que ha sido manejado por dos ministros de la misma casa. El Gobierno supon\u00eda que despu\u00e9s de hacer retoques aqu\u00ed y all\u00e1 todos estar\u00edan contentos. Pero no es as\u00ed. Los guionistas no lo est\u00e1n.<\/p>\n<p>Esa orden aprobada en el Consejo de Ministros del pasado 12 de diciembre est\u00e1 claramente orientada a impulsar la cinematograf\u00eda, realizar coproducciones, luchar contra la pirater\u00eda, fomentar las salas, crear empresas dedicadas al cine de una manera m\u00e1s sencilla&#8230; un \u00abespaldarazo\u00bb, como dijo <strong>Mar\u00eda Teresa Fern\u00e1ndez de la Vega<\/strong>. A la industria, pero no a los profesionales.<\/p>\n<p>\u00abLos guionistas espa\u00f1oles se sienten menospreciados por la Ley del Cine\u00bb, dice la Asamblea convocada por el sindicato <strong>ALMA<\/strong> (Autores Literarios de Medios Audiovisuales). \u00abSomos el grupo peor tratado del sector\u00bb, recalcan los guionistas. Es un problema que viene de anta\u00f1o.<\/p>\n<p><strong>Miedo a la represalia<\/strong><\/p>\n<p>Es un trabajo no regularizado, con retribuciones que no s\u00f3lo no asimilan las subidas del <a href=\"http:\/\/www.adn.es\/etiqueta\/IPC\/\" target=\"_BLANK\" rel=\"noopener noreferrer\">IPC<\/a> sino que van para atr\u00e1s, con una participaci\u00f3n muy peque\u00f1a en los beneficios de la taquilla y absolutamente ninguna en la explotaci\u00f3n de la pel\u00edcula m\u00e1s all\u00e1 de las salas oscuras.<\/p>\n<p><strong>Jimina Sabad\u00fa<\/strong>, quien aunque s\u00f3lo sea por su actitud alg\u00fan d\u00eda deber\u00eda ser la <strong>Diablo Cody<\/strong> espa\u00f1ola, explica que adem\u00e1s de los flagrantes agravios econ\u00f3micos el \u00abtrato humano\u00bb hacia los guionistas tambi\u00e9n es ofensivo, pues se trata de una profesi\u00f3n poco reconocida. \u00abEs que el trabajo del guionista acaba cuando empieza el de todos los dem\u00e1s\u00bb, dice <strong>Nacho Faerna<\/strong>, quien fue coordinador de guionistas de <em>El comisario<\/em>. Estos profesionales trabajan de manera solitaria y se dejan los ojos en unos <em>sprints<\/em> de jornadas inacabables. Viven en la cuerda floja, sin saber si ma\u00f1ana continuar\u00e1 o no la buena racha, por ello, en cuanto protestan, \u00abte tachan de sindicalista\u00bb dice la Sabad\u00fa, \u00abes un mundo muy peque\u00f1o y si das problemas te tachan y no te llaman m\u00e1s\u00bb.<\/p>\n<p><strong>Agust\u00edn D\u00edaz Ya\u00f1ez<\/strong> presidi\u00f3 la mencionada Asamblea y es, as\u00edmismo, presidente de ALMA. Durante esta reuni\u00f3n de escritores celebrada el 13 de diciembre, un d\u00eda despu\u00e9s del \u00abespaldarazo\u00bb, se destac\u00f3 la incapacidad legal para negociar un convenio colectivo para quienes trabajan por cuenta ajena, los bajos salarios, las condiciones laborales irregulares y los contratos abusivos, entre otros problemas que asolan a la profesi\u00f3n.<\/p>\n<p>Ese d\u00eda se acord\u00f3 realizar una carta de protesta al ministro de Cultura, <strong>C\u00e9sar Antonio Molina<\/strong>, que ser\u00e1 entregada este jueves 18 de diciembre.<\/p>\n<p>Los representantes de ALMA gustan de poner como ejemplo del problema la \u00abparadoja del guionista espa\u00f1ol\u00bb. \u00c9stos no reciben una cuota por la explotaci\u00f3n en DVD de obras realizadas con sus guiones. Pero s\u00ed obtienen dinero de la compensaci\u00f3n por copia privada de los DVDs v\u00edrgenes (a trav\u00e9s de <strong>SGAE<\/strong> o <strong>DAMA<\/strong>), as\u00ed que si una pel\u00edcula se compra en un top manta ganan algo, si se compra en un centro comercial, ni se inmutan. \u00abLos productores se niegan sistem\u00e1ticamente a dar una parte de la venta\u00bb, explica Faerna, quien desde ALMA intent\u00f3 negociar durante muchos a\u00f1os con la <strong><a href=\"http:\/\/www.fapae.es\/\" target=\"_BLANK\" rel=\"noopener noreferrer\">FAPAE<\/a><\/strong> (Federaci\u00f3n de Asociaciones de Productores Audiovisuales Espa\u00f1oles), sin conseguir m\u00e1s que un rechazo implacable.<\/p>\n<p><strong>Hay motivos para la huelga<\/strong><\/p>\n<p>Las reivindicaciones laborales se centran en tres frentes: que la Ley contemple las necesidades de los guionistas, que la FAPAE se siente a negociar con ellos y que se establezca un convenio para la profesi\u00f3n.<\/p>\n<p>\u00bfY si no se sientan? Siguiendo el ejemplo de lo ocurrido en Estados Unidos, Nacho Faerna confirma que \u00abhay motivos para apoyar una huelga\u00bb, una acci\u00f3n que paralice, al menos, la televisi\u00f3n. \u00abHay que apoyarla cuando es eficaz, el problema en Espa\u00f1a es que la industria asentada es la de la televisi\u00f3n y en el cine es m\u00e1 complicado, no es como en Hollywood. Tener un seguimiento de una huelga masiva es complicado, la gente tiene miedo a las represalias, a estar en la lista negra\u00bb.<\/p>\n<p>Entre las reivindicaciones que se plantean para ese convenio colectivo se encuentran las 45 horas laborables a la semana, no trabajar los s\u00e1bados, salarios dignos, plus de disponibilidad, plus de desgaste de herramientas -el guionista trabaja en su casa con su propio ordenador- paga del cien por cien en despidos improcedentes, regulaci\u00f3n de las vacaciones o actualizaci\u00f3n salarial con nuevas categor\u00edas.<\/p>\n<p>Muchas cadenas de televisi\u00f3n con convenio propio y categor\u00eda de guionista reconocida y bien remunerada contratan a los chicos y chicas que escriben bromas ingeniosas, mon\u00f3logos inteligentes o presentaciones con gancho bajo la categor\u00eda de redactores, mucho peor pagados.<\/p>\n<p>El impago es otro gran lastre de la profesi\u00f3n, y est\u00e1 a la orden del d\u00eda. Una de las exigencias del sector es la de impedir que una productora que no paga a un guionista no pueda recibir subvenciones. Algo que parece l\u00f3gico y que, a pesar de ello, ocurre continuamente, \u00abaunque sea por 600 euros\u00bb, indica una profesional. Por ello, solicitan que se abra un listado de productoras morosas que les impida seguir recibiendo dinero p\u00fablico si no pagan los guiones.<\/p>\n<p><em>CC. Elena Cabrera. Publicado en ADN.es<\/em><\/p>\n","protected":false},"excerpt":{"rendered":"<p>Tras muchos a\u00f1os de pelea en la sombra, ese profesional solitario que escribe en un papel lo que otros transformar\u00e1n en imagen comienza a movilizarse por sus derechos laborales | Los guionistas espa\u00f1oles dicen que \u00abhay motivo para la huelga\u00bb Desde que se puso el Proyecto de Ley del Cine sobre la mesa de la [&hellip;]<\/p>\n","protected":false},"author":1,"featured_media":0,"comment_status":"open","ping_status":"open","sticky":false,"template":"","format":"standard","meta":{"footnotes":""},"categories":[1],"tags":[],"class_list":["post-200187","post","type-post","status-publish","format-standard","hentry","category-sin-categoria"],"_links":{"self":[{"href":"http:\/\/www.elenacabrera.com\/weblog3\/wp-json\/wp\/v2\/posts\/200187","targetHints":{"allow":["GET"]}}],"collection":[{"href":"http:\/\/www.elenacabrera.com\/weblog3\/wp-json\/wp\/v2\/posts"}],"about":[{"href":"http:\/\/www.elenacabrera.com\/weblog3\/wp-json\/wp\/v2\/types\/post"}],"author":[{"embeddable":true,"href":"http:\/\/www.elenacabrera.com\/weblog3\/wp-json\/wp\/v2\/users\/1"}],"replies":[{"embeddable":true,"href":"http:\/\/www.elenacabrera.com\/weblog3\/wp-json\/wp\/v2\/comments?post=200187"}],"version-history":[{"count":1,"href":"http:\/\/www.elenacabrera.com\/weblog3\/wp-json\/wp\/v2\/posts\/200187\/revisions"}],"predecessor-version":[{"id":2002003467,"href":"http:\/\/www.elenacabrera.com\/weblog3\/wp-json\/wp\/v2\/posts\/200187\/revisions\/2002003467"}],"wp:attachment":[{"href":"http:\/\/www.elenacabrera.com\/weblog3\/wp-json\/wp\/v2\/media?parent=200187"}],"wp:term":[{"taxonomy":"category","embeddable":true,"href":"http:\/\/www.elenacabrera.com\/weblog3\/wp-json\/wp\/v2\/categories?post=200187"},{"taxonomy":"post_tag","embeddable":true,"href":"http:\/\/www.elenacabrera.com\/weblog3\/wp-json\/wp\/v2\/tags?post=200187"}],"curies":[{"name":"wp","href":"https:\/\/api.w.org\/{rel}","templated":true}]}}