{"id":200197,"date":"2008-12-15T17:51:09","date_gmt":"2008-12-15T16:51:09","guid":{"rendered":""},"modified":"2009-01-23T17:51:58","modified_gmt":"2009-01-23T16:51:58","slug":"llega-al-cine-el-documental-que-duda-de-la-veracidad-de-muerte-de-un-miliciano","status":"publish","type":"post","link":"http:\/\/www.elenacabrera.com\/weblog3\/2008\/12\/15\/llega-al-cine-el-documental-que-duda-de-la-veracidad-de-muerte-de-un-miliciano\/","title":{"rendered":"Llega al cine el documental que duda de la veracidad de &#8216;Muerte de un miliciano&#8217;"},"content":{"rendered":"<p><strong>La emblem\u00e1tica fotograf\u00eda de Capa ha sido acusada de montaje durante muchos a\u00f1os, aunque un reciente hallazago de negativos pretende probar su verosimilitud<\/strong><\/p>\n<p><img loading=\"lazy\" decoding=\"async\" class=\"alignleft\" title=\"Muerte de un miliciano\" src=\"http:\/\/sobrefotos.com\/wp-content\/uploads\/2008\/04\/muerte_miliciano.jpg\" alt=\"\" width=\"300\" height=\"220\" \/>Desde 1975 se ha cuestionado la verosimilitud de la m\u00e1s famosa imagen de <strong>Robert Capa<\/strong>, <em>Muerte de un miliciano<\/em>, desde que se public\u00f3 el testimonio de un colega de Capa que dijo que aqu\u00e9l le hab\u00eda confesado que fue una puesta en escena<\/p>\n<p>Hace m\u00e1s de un a\u00f1o se dio a conocer la existencia del documental <em>La sombra del iceberg<\/em> (m\u00e1s informaci\u00f3n sobre la pel\u00edcula en <a href=\"http:\/\/www.egeda.es\/dacsa\/DOSSIER_LA_SOMBRA_DEL_ICEBERG.pdf\" target=\"_BLANK\">este PDF<\/a>), dirigido por el profesor de la Universitat Jaume I de Castell\u00f3 <strong>Hugo Dom\u00e9nech<\/strong> -quien hab\u00eda realizado una tesis doctoral en el a\u00f1o 2005 basada en un <a href=\"http:\/\/www.analisisfotografia.uji.es\/root\/analisis\/muestras\/0024a-Robert%20Capa.pdf\" target=\"_BLANK\">estudio t\u00e9cnico al respecto<\/a>&#8211; y <strong>Ra\u00fal M. Riebenbahuer.<\/strong><\/p>\n<p>La duda que plantea el documental se basa en la supuesta identidad del miliciano, <strong>Federico Borrell<\/strong>, conocido como Taino. La identificaci\u00f3n se produjo en 1995, cuando <strong>Mario Brotons<\/strong> -un alcoyano que luch\u00f3 en el frente de C\u00f3rdoba y escribi\u00f3 un libro de memorias- le mostr\u00f3 a la sobrina de Borrell la imagen y \u00e9sta le reconoci\u00f3.<\/p>\n<p>Brotons muri\u00f3 poco despu\u00e9s y la noticia del nombre y apellidos del miliciano dieron la vuelta al mundo. En el documental, el hijo de Brotons pone en duda la investigaci\u00f3n realizada por su padre. La investigaci\u00f3n incluye an\u00e1lisis forenses y fison\u00f3micos y entrevistas con las personas m\u00e1s implicadas en la defensa del patrimonio de Capa.<\/p>\n<p>El film vuelve a estar de actualidad debido a su llegada a los cines el pr\u00f3ximo 19 de diciembre, aunque entre su realizaci\u00f3n y la fecha de estreno han sucedido nuevos acontecimientos en el estudio de esta misteriosa y carism\u00e1tica fotograf\u00eda.<\/p>\n<p>En enero de 2008 se hizo p\u00fablico el hallazgo de una maleta con 3.000 negativos de la Guerra Civil Espa\u00f1ola, realizados por Capa y su compa\u00f1era sentimental <strong>Gerda Taro<\/strong>. Los investigadores del Centro Internacional de Fotograf\u00eda de Nueva York (fundado por el hermano de Capa, <strong>Cornell Capa<\/strong>, fallecido este mismo a\u00f1o) comenzaron el estudio y clasificaci\u00f3n de los rollos con esperanza de encontrar la secuencia f\u00edlmica que aclarara o desacreditara la veracidad de la imagen. Quienes la pon\u00edan en duda afirmaban que se trata de un montaje, una dramatizaci\u00f3n o recreaci\u00f3n durante un momento de descanso.<\/p>\n<p><strong>Capa como pionero del cine b\u00e9lico<\/strong><\/p>\n<p>\u00abNosotros somos de la opini\u00f3n\u00bb comentan los realizadores en una entrevista (<a href=\"http:\/\/www.egeda.es\/dacsa\/DOSSIER_LA_SOMBRA_DEL_ICEBERG.pdf\" target=\"_BLANK\">PDF<\/a>), \u00abque si fue producto de una puesta en escena, \u00e9sta fue magn\u00edfica y Robert Capa ser\u00eda un pionero del cine b\u00e9lico que continuamos consumiendo. En definitiva, si es una teatralizaci\u00f3n de la muerte, fue y sigue siendo, en nuestra opini\u00f3n, una imagen magistral que cumpli\u00f3 con su objetivo de forma eficaz\u00bb.<\/p>\n<p>Como avanzadilla, se realiz\u00f3 una exposici\u00f3n en Londres presentando las primeras im\u00e1genes recuperadas, as\u00ed como los disparos tomados antes y despu\u00e9s de la emblem\u00e1tica captura. Para el comisario de la exposici\u00f3n, el tambi\u00e9n fallecido recientemente <strong>Richard Whelan<\/strong>, la r\u00e1faga de disparos fotogr\u00e1ficos demuestran que no era una foto preparada.<\/p>\n<p>\u00abLo que hemos averiguado con estas nuevas fotos de ese d\u00eda, y que ignor\u00e1bamos antes, es que no se tomaron en el fragor de una batalla, sino en un momento de poca actividad en el que los milicianos recrean escenas de batalla para los fot\u00f3grafos\u00bb, explic\u00f3 a Efe la comisaria de la exposici\u00f3n, <strong>Cynthia Young<\/strong>, que colabor\u00f3 con Whelan.<\/p>\n<p>Esta muestra que supuestamente prueba la veracidad de la imagen se podr\u00e1 ver en el Museo Nacional de Arte de Catalu\u00f1a en junio de 2009.<\/p>\n","protected":false},"excerpt":{"rendered":"<p>La emblem\u00e1tica fotograf\u00eda de Capa ha sido acusada de montaje durante muchos a\u00f1os, aunque un reciente hallazago de negativos pretende probar su verosimilitud Desde 1975 se ha cuestionado la verosimilitud de la m\u00e1s famosa imagen de Robert Capa, Muerte de un miliciano, desde que se public\u00f3 el testimonio de un colega de Capa que dijo [&hellip;]<\/p>\n","protected":false},"author":1,"featured_media":0,"comment_status":"open","ping_status":"open","sticky":false,"template":"","format":"standard","meta":{"footnotes":""},"categories":[],"tags":[],"class_list":["post-200197","post","type-post","status-publish","format-standard","hentry"],"_links":{"self":[{"href":"http:\/\/www.elenacabrera.com\/weblog3\/wp-json\/wp\/v2\/posts\/200197","targetHints":{"allow":["GET"]}}],"collection":[{"href":"http:\/\/www.elenacabrera.com\/weblog3\/wp-json\/wp\/v2\/posts"}],"about":[{"href":"http:\/\/www.elenacabrera.com\/weblog3\/wp-json\/wp\/v2\/types\/post"}],"author":[{"embeddable":true,"href":"http:\/\/www.elenacabrera.com\/weblog3\/wp-json\/wp\/v2\/users\/1"}],"replies":[{"embeddable":true,"href":"http:\/\/www.elenacabrera.com\/weblog3\/wp-json\/wp\/v2\/comments?post=200197"}],"version-history":[{"count":0,"href":"http:\/\/www.elenacabrera.com\/weblog3\/wp-json\/wp\/v2\/posts\/200197\/revisions"}],"wp:attachment":[{"href":"http:\/\/www.elenacabrera.com\/weblog3\/wp-json\/wp\/v2\/media?parent=200197"}],"wp:term":[{"taxonomy":"category","embeddable":true,"href":"http:\/\/www.elenacabrera.com\/weblog3\/wp-json\/wp\/v2\/categories?post=200197"},{"taxonomy":"post_tag","embeddable":true,"href":"http:\/\/www.elenacabrera.com\/weblog3\/wp-json\/wp\/v2\/tags?post=200197"}],"curies":[{"name":"wp","href":"https:\/\/api.w.org\/{rel}","templated":true}]}}