{"id":2002002008,"date":"2011-03-26T20:29:03","date_gmt":"2011-03-26T18:29:03","guid":{"rendered":""},"modified":"2019-05-25T19:21:35","modified_gmt":"2019-05-25T17:21:35","slug":"este-es-mikuerpo","status":"publish","type":"post","link":"http:\/\/www.elenacabrera.com\/weblog3\/2011\/03\/26\/este-es-mikuerpo\/","title":{"rendered":"Este es mikuerpo"},"content":{"rendered":"<p><object id=\"player583733\" width=\"240\" height=\"133\" type=\"application\/x-shockwave-flash\" data=\"http:\/\/www.ivoox.com\/playerivoox_ee_583733_1.html\"><param name=\"movie\" value=\"http:\/\/www.ivoox.com\/playerivoox_ee_583733_1.html\"><\/param><param name=\"AllowScriptAccess\" value=\"always\"><\/param><param name=\"allowFullScreen\" value=\"true\"><\/param><param name=\"wmode\" value=\"transparent\"><\/param><embed src=\"http:\/\/www.ivoox.com\/playerivoox_ee_583733_1.html\" type=\"application\/x-shockwave-flash\" allowfullscreen=\"true\" wmode=\"transparent\" allowscriptaccess=\"always\" width=\"240\" height=\"133\"><\/embed><\/object><\/p>\n<p>Fue muy importante para forjar la que soy hoy todo lo que me ocurr\u00eda en los primeros a\u00f1os de la d\u00e9cada de los 90, cuando descubr\u00ed que hab\u00eda una posibilidad oculta. Detr\u00e1s.<\/p>\n<p>Entre aquellos incre\u00edbles acontecimientos destaca la aparici\u00f3n de Luis Navarro y las Industrias Mikuerpo, cuyo fanzine Amano ven\u00eda matasellado con el dibujo de una extra\u00f1a tela de ara\u00f1a.<\/p>\n<p>Era mi primer contacto con lo que ahora podr\u00eda llamar el mundo anarco-g\u00f3tico.<\/p>\n<p>Le\u00eda los art\u00edculos y no sab\u00eda lo que era el Situacionismo. Mejor as\u00ed. Me marc\u00f3 sin entenderlo.<\/p>\n<p>Nunca conoc\u00ed a Luis Navarro en persona, <a href=\"http:\/\/quiereshacerelfavor.wordpress.com\/2011\/03\/23\/programa-72-notas-sobre-la-naturaleza-de-la-conspiracion\/\">hasta hace una semana<\/a>, cuando <a href=\"http:\/\/periodismohumano.com\/culturas\/notas-sobre-la-naturaleza-de-la-conspiracion.html\">vino a \u00bfQuieres hacer el favor de leer esto, por favor? <\/a>para hablar del <a href=\"http:\/\/www.traficantes.net\/index.php\/trafis\/editorial\/catalogo\/otras\/industrias_mikuerpo_un_proyecto_de_gestion_cultural_independiente_1994_1999\">libro<\/a> que recopila la producci\u00f3n de <a href=\"http:\/\/mikuerpo.blogspot.com\/\">Industrias Mikuerpo<\/a>. Dadle al play ah\u00ed arriba.<\/p>\n","protected":false},"excerpt":{"rendered":"<p>Fue muy importante para forjar la que soy hoy todo lo que me ocurr\u00eda en los primeros a\u00f1os de la d\u00e9cada de los 90, cuando descubr\u00ed que hab\u00eda una posibilidad oculta. Detr\u00e1s. Entre aquellos incre\u00edbles acontecimientos destaca la aparici\u00f3n de Luis Navarro y las Industrias Mikuerpo, cuyo fanzine Amano ven\u00eda matasellado con el dibujo de [&hellip;]<\/p>\n","protected":false},"author":1,"featured_media":0,"comment_status":"open","ping_status":"open","sticky":false,"template":"","format":"standard","meta":{"footnotes":""},"categories":[3],"tags":[],"class_list":["post-2002002008","post","type-post","status-publish","format-standard","hentry","category-twentytwentyfive"],"_links":{"self":[{"href":"http:\/\/www.elenacabrera.com\/weblog3\/wp-json\/wp\/v2\/posts\/2002002008","targetHints":{"allow":["GET"]}}],"collection":[{"href":"http:\/\/www.elenacabrera.com\/weblog3\/wp-json\/wp\/v2\/posts"}],"about":[{"href":"http:\/\/www.elenacabrera.com\/weblog3\/wp-json\/wp\/v2\/types\/post"}],"author":[{"embeddable":true,"href":"http:\/\/www.elenacabrera.com\/weblog3\/wp-json\/wp\/v2\/users\/1"}],"replies":[{"embeddable":true,"href":"http:\/\/www.elenacabrera.com\/weblog3\/wp-json\/wp\/v2\/comments?post=2002002008"}],"version-history":[{"count":1,"href":"http:\/\/www.elenacabrera.com\/weblog3\/wp-json\/wp\/v2\/posts\/2002002008\/revisions"}],"predecessor-version":[{"id":2002002647,"href":"http:\/\/www.elenacabrera.com\/weblog3\/wp-json\/wp\/v2\/posts\/2002002008\/revisions\/2002002647"}],"wp:attachment":[{"href":"http:\/\/www.elenacabrera.com\/weblog3\/wp-json\/wp\/v2\/media?parent=2002002008"}],"wp:term":[{"taxonomy":"category","embeddable":true,"href":"http:\/\/www.elenacabrera.com\/weblog3\/wp-json\/wp\/v2\/categories?post=2002002008"},{"taxonomy":"post_tag","embeddable":true,"href":"http:\/\/www.elenacabrera.com\/weblog3\/wp-json\/wp\/v2\/tags?post=2002002008"}],"curies":[{"name":"wp","href":"https:\/\/api.w.org\/{rel}","templated":true}]}}