{"id":2002002037,"date":"2016-11-06T21:28:59","date_gmt":"2016-11-06T19:28:59","guid":{"rendered":"http:\/\/www.elenacabrera.com\/weblog\/?p=2002002037"},"modified":"2016-11-06T21:35:32","modified_gmt":"2016-11-06T19:35:32","slug":"estallando-burbujas","status":"publish","type":"post","link":"http:\/\/www.elenacabrera.com\/weblog3\/2016\/11\/06\/estallando-burbujas\/","title":{"rendered":"Estallando burbujas"},"content":{"rendered":"<p>Recientemente vengo colaborando en los podcast <strong>Debate Directo<\/strong> que realiza el encomiable <a href=\"http:\/\/www.colectivoburbuja.org\/\">Colectivo Burbuja<\/a>, un grupo cr\u00edtico de analistas desde el pensamiento, la pol\u00edtica y la acci\u00f3n de izquierdas.<\/p>\n<p><img decoding=\"async\" src=\"http:\/\/i2.wp.com\/www.colectivoburbuja.org\/wp-content\/uploads\/2016\/11\/Medios-de-comunicacion-por-AK-Rockefeller.jpg?w=600\"><\/p>\n<p>Aqu\u00ed os los dejo:<\/p>\n<p><a href=\"http:\/\/www.colectivoburbuja.org\/cb\/los-medios-de-comunicacion-alternativos-iv-debate-directo-6-11-2016\/\">Los medios de comunicaci\u00f3n alternativos III<\/a><\/p>\n<p>C\u00f3mo los principales medios de comunicaci\u00f3n oficiales son controlados por las grandes corporaciones vinculadas a los poderes pol\u00edticos para generar opini\u00f3n p\u00fablica. Y el papel de los medios de comunicaci\u00f3n alternativos como posible contrahegemon\u00eda de los grandes medios. <\/p>\n<p><iframe id='audio_13633250' frameborder='0' allowfullscreen='' scrolling='no' height='200' style='border:1px solid #EEE; box-sizing:border-box; width:100%;' src='https:\/\/www.ivoox.com\/player_ej_13633250_4_1.html?c1=ff6600'><\/iframe><\/p>\n<p><a href=\"http:\/\/www.colectivoburbuja.org\/cb\/mujeres-trabajadoras-otro-rostro-de-la-precariedad-laboral-debate-directo-25-10-2016\/\">Mujeres trabajadoras: otro rostro de la precariedad laboral<\/a><\/p>\n<p>Hablamos de las cifras de la precariedad femenina: a d\u00eda de hoy el Estado espa\u00f1ol es el segundo pa\u00eds de la Uni\u00f3n Europea con mayor \u00edndice de paro femenino, por encima tan solo est\u00e1 Grecia.<\/p>\n<p><iframe id='audio_13462743' frameborder='0' allowfullscreen='' scrolling='no' height='200' style='border:1px solid #EEE; box-sizing:border-box; width:100%;' src='https:\/\/www.ivoox.com\/player_ej_13462743_4_1.html?c1=ff6600'><\/iframe><\/p>\n<p><a href=\"http:\/\/www.colectivoburbuja.org\/cb\/se-puede-trabajar-menos-y-cobrar-mas-debate-directo-10-8-2016\/\">\u00bfSe puede trabajar menos y cobrar m\u00e1s?<\/a><br \/>\nSobre las conclusiones que va arrojando el experimento sueco con el mercado laboral, en el que se han planteado reducir las jornadas laborales, sobre el papel de la Fiscal\u00eda en el procesamiento del PP por el borrado de los discos duros, sobre las nuevas filtraciones que revelan el apoyo de Hillary Clinton a los \u201crebeldes sirios\u201d y, por \u00faltimo, sobre los presupuestos participativos en Madrid.<\/p>\n<p><iframe id='audio_12496747' frameborder='0' allowfullscreen='' scrolling='no' height='200' style='border:1px solid #EEE; box-sizing:border-box; width:100%;' src='https:\/\/www.ivoox.com\/player_ej_12496747_4_1.html?c1=ff6600'><\/iframe><\/p>\n","protected":false},"excerpt":{"rendered":"<p>Recientemente vengo colaborando en los podcast Debate Directo que realiza el encomiable Colectivo Burbuja, un grupo cr\u00edtico de analistas desde el pensamiento, la pol\u00edtica y la acci\u00f3n de izquierdas. Aqu\u00ed os los dejo: Los medios de comunicaci\u00f3n alternativos III C\u00f3mo los principales medios de comunicaci\u00f3n oficiales son controlados por las grandes corporaciones vinculadas a los [&hellip;]<\/p>\n","protected":false},"author":1,"featured_media":0,"comment_status":"closed","ping_status":"closed","sticky":false,"template":"","format":"standard","meta":{"footnotes":""},"categories":[2,3],"tags":[],"class_list":["post-2002002037","post","type-post","status-publish","format-standard","hentry","category-twentytwentyfive"],"_links":{"self":[{"href":"http:\/\/www.elenacabrera.com\/weblog3\/wp-json\/wp\/v2\/posts\/2002002037","targetHints":{"allow":["GET"]}}],"collection":[{"href":"http:\/\/www.elenacabrera.com\/weblog3\/wp-json\/wp\/v2\/posts"}],"about":[{"href":"http:\/\/www.elenacabrera.com\/weblog3\/wp-json\/wp\/v2\/types\/post"}],"author":[{"embeddable":true,"href":"http:\/\/www.elenacabrera.com\/weblog3\/wp-json\/wp\/v2\/users\/1"}],"replies":[{"embeddable":true,"href":"http:\/\/www.elenacabrera.com\/weblog3\/wp-json\/wp\/v2\/comments?post=2002002037"}],"version-history":[{"count":4,"href":"http:\/\/www.elenacabrera.com\/weblog3\/wp-json\/wp\/v2\/posts\/2002002037\/revisions"}],"predecessor-version":[{"id":2002002041,"href":"http:\/\/www.elenacabrera.com\/weblog3\/wp-json\/wp\/v2\/posts\/2002002037\/revisions\/2002002041"}],"wp:attachment":[{"href":"http:\/\/www.elenacabrera.com\/weblog3\/wp-json\/wp\/v2\/media?parent=2002002037"}],"wp:term":[{"taxonomy":"category","embeddable":true,"href":"http:\/\/www.elenacabrera.com\/weblog3\/wp-json\/wp\/v2\/categories?post=2002002037"},{"taxonomy":"post_tag","embeddable":true,"href":"http:\/\/www.elenacabrera.com\/weblog3\/wp-json\/wp\/v2\/tags?post=2002002037"}],"curies":[{"name":"wp","href":"https:\/\/api.w.org\/{rel}","templated":true}]}}