{"id":2002002043,"date":"2016-11-29T20:32:43","date_gmt":"2016-11-29T18:32:43","guid":{"rendered":"http:\/\/www.elenacabrera.com\/weblog\/?p=2002002043"},"modified":"2016-11-29T20:33:56","modified_gmt":"2016-11-29T18:33:56","slug":"para-que-sirve-el-periodismo","status":"publish","type":"post","link":"http:\/\/www.elenacabrera.com\/weblog3\/2016\/11\/29\/para-que-sirve-el-periodismo\/","title":{"rendered":"Para qu\u00e9 sirve el periodismo"},"content":{"rendered":"<p><img loading=\"lazy\" decoding=\"async\" class=\"aligncenter size-full wp-image-2002002044\" src=\"http:\/\/www.elenacabrera.com\/weblog\/wp-content\/uploads\/Captura-de-pantalla-de-2016-11-29-19-30-53-e1480444339979.png\" alt=\"Journalist\" width=\"1307\" height=\"563\" srcset=\"http:\/\/www.elenacabrera.com\/weblog3\/wp-content\/uploads\/Captura-de-pantalla-de-2016-11-29-19-30-53-e1480444339979.png 1307w, http:\/\/www.elenacabrera.com\/weblog3\/wp-content\/uploads\/Captura-de-pantalla-de-2016-11-29-19-30-53-e1480444339979-300x129.png 300w, http:\/\/www.elenacabrera.com\/weblog3\/wp-content\/uploads\/Captura-de-pantalla-de-2016-11-29-19-30-53-e1480444339979-768x331.png 768w, http:\/\/www.elenacabrera.com\/weblog3\/wp-content\/uploads\/Captura-de-pantalla-de-2016-11-29-19-30-53-e1480444339979-1024x441.png 1024w\" sizes=\"auto, (max-width: 1307px) 100vw, 1307px\" \/><\/p>\n<p>Hay adolescentes de 14 a\u00f1os que no est\u00e1n interesados en las noticias que dan los medios y solo conf\u00edan en lo que les cuentan sus amigos v\u00eda Instagram. En realidad sus amigos sacan las noticias de los medios pero ellos no lo ven as\u00ed. Ellos entienden las noticias como un (no usar\u00e1n jam\u00e1s esta palabra) procom\u00fan. Es la realidad, est\u00e1 en el aire y es de todos. El amigo la caza de ese mar com\u00fan, la transmite y se convierte en fuente confiable. El medio no solo no es amigo sino que es sospechoso de mentir pero sobre todo de aburrir.<\/p>\n<p>Me dan miedo.<\/p>\n<p>Algo estamos haciendo muy mal cuando los adolescentes desconf\u00edan de esta manera en el periodismo. Para la comunidad, los periodistas deber\u00edamos ser como los pediatras: cuidadores, imprescindibles, tranquilizadores; un servicio p\u00fablico.<\/p>\n<p>Comporto con ellos la idea de la informaci\u00f3n como un procom\u00fan y no como una mercanc\u00eda. Creo que haberla convertido en mercan\u00eda es lo que ha propiciado que lo vean como un mercado. Y, ante \u00e9l, se convierten en ultraliberales. Piensan que se autorregula, que no hay que intervenir, que las noticias fluyen solas.<\/p>\n<p>Cualquiera que alguna vez haya tenido el encargo de practicar periodismo sabr\u00e1 que no, radicalmente no, no es as\u00ed. La verdad es dif\u00edcil de extraer y a\u00fan m\u00e1s de distribuir. Solo fluye la informaci\u00f3n a la que se le inyecta dinero, produce diversi\u00f3n o es de naturaleza impactante.<\/p>\n<p>Lo que propongo es que ense\u00f1emos a los adolescentes de 14 a\u00f1os a hacer periodismo. No a comunicar ni a comunicarse entre s\u00ed, que eso ya lo hacen muy bien, sino a levantar las noticias a contar una verdad cuando nadie antes la ha contado.<\/p>\n","protected":false},"excerpt":{"rendered":"<p>Hay adolescentes de 14 a\u00f1os que no est\u00e1n interesados en las noticias que dan los medios y solo conf\u00edan en lo que les cuentan sus amigos v\u00eda Instagram. En realidad sus amigos sacan las noticias de los medios pero ellos no lo ven as\u00ed. Ellos entienden las noticias como un (no usar\u00e1n jam\u00e1s esta palabra) [&hellip;]<\/p>\n","protected":false},"author":1,"featured_media":0,"comment_status":"closed","ping_status":"closed","sticky":false,"template":"","format":"standard","meta":{"footnotes":""},"categories":[2],"tags":[],"class_list":["post-2002002043","post","type-post","status-publish","format-standard","hentry","category-twentytwentyfive"],"_links":{"self":[{"href":"http:\/\/www.elenacabrera.com\/weblog3\/wp-json\/wp\/v2\/posts\/2002002043","targetHints":{"allow":["GET"]}}],"collection":[{"href":"http:\/\/www.elenacabrera.com\/weblog3\/wp-json\/wp\/v2\/posts"}],"about":[{"href":"http:\/\/www.elenacabrera.com\/weblog3\/wp-json\/wp\/v2\/types\/post"}],"author":[{"embeddable":true,"href":"http:\/\/www.elenacabrera.com\/weblog3\/wp-json\/wp\/v2\/users\/1"}],"replies":[{"embeddable":true,"href":"http:\/\/www.elenacabrera.com\/weblog3\/wp-json\/wp\/v2\/comments?post=2002002043"}],"version-history":[{"count":2,"href":"http:\/\/www.elenacabrera.com\/weblog3\/wp-json\/wp\/v2\/posts\/2002002043\/revisions"}],"predecessor-version":[{"id":2002002046,"href":"http:\/\/www.elenacabrera.com\/weblog3\/wp-json\/wp\/v2\/posts\/2002002043\/revisions\/2002002046"}],"wp:attachment":[{"href":"http:\/\/www.elenacabrera.com\/weblog3\/wp-json\/wp\/v2\/media?parent=2002002043"}],"wp:term":[{"taxonomy":"category","embeddable":true,"href":"http:\/\/www.elenacabrera.com\/weblog3\/wp-json\/wp\/v2\/categories?post=2002002043"},{"taxonomy":"post_tag","embeddable":true,"href":"http:\/\/www.elenacabrera.com\/weblog3\/wp-json\/wp\/v2\/tags?post=2002002043"}],"curies":[{"name":"wp","href":"https:\/\/api.w.org\/{rel}","templated":true}]}}