{"id":2002002066,"date":"2016-12-24T11:10:52","date_gmt":"2016-12-24T09:10:52","guid":{"rendered":"http:\/\/www.elenacabrera.com\/weblog\/?p=2002002066"},"modified":"2016-12-24T12:06:15","modified_gmt":"2016-12-24T10:06:15","slug":"en-la-expo-de-hitchcock","status":"publish","type":"post","link":"http:\/\/www.elenacabrera.com\/weblog3\/2016\/12\/24\/en-la-expo-de-hitchcock\/","title":{"rendered":"En la expo de Hitchcock"},"content":{"rendered":"<p><iframe loading=\"lazy\" src=\"\/\/giphy.com\/embed\/14jb3lfnfH7gAM\" width=\"480\" height=\"270\" frameBorder=\"0\" class=\"giphy-embed\" allowFullScreen><\/iframe><\/p>\n<p><a href=\"https:\/\/giphy.com\/gifs\/hitchcock-14jb3lfnfH7gAM\">via GIPHY<\/a><\/p>\n<p>En la <a href=\"https:\/\/espacio.fundaciontelefonica.com\/evento\/hitchcock-mas-alla-del-suspense\/\" target=\"_blank\">expo de Alfred Hitchcock de la Fundaci\u00f3n Telef\u00f3nica<\/a> est\u00e1 el storyboard de Saul Bass de la escena de la ducha de Psicosis.<\/p>\n<p><a data-flickr-embed=\"true\" data-header=\"true\"  href=\"https:\/\/www.flickr.com\/photos\/elenacabreramontero\/30998406804\/in\/dateposted-public\/\" title=\"Storyboard Psicosis Hitchcock\"><img loading=\"lazy\" decoding=\"async\" src=\"https:\/\/c5.staticflickr.com\/1\/278\/30998406804_914238ca17_z.jpg\" width=\"640\" height=\"360\" alt=\"Storyboard Psicosis Hitchcock\"><\/a><script async src=\"\/\/embedr.flickr.com\/assets\/client-code.js\" charset=\"utf-8\"><\/script><\/p>\n<p><a data-flickr-embed=\"true\" data-header=\"true\"  href=\"https:\/\/www.flickr.com\/photos\/elenacabreramontero\/30998406554\/in\/dateposted-public\/\" title=\"Storyboard Psicosis Hitchcock\"><img loading=\"lazy\" decoding=\"async\" src=\"https:\/\/c3.staticflickr.com\/6\/5608\/30998406554_4ffbdcfca8_z.jpg\" width=\"640\" height=\"360\" alt=\"Storyboard Psicosis Hitchcock\"><\/a><script async src=\"\/\/embedr.flickr.com\/assets\/client-code.js\" charset=\"utf-8\"><\/script><\/p>\n","protected":false},"excerpt":{"rendered":"<p>via GIPHY En la expo de Alfred Hitchcock de la Fundaci\u00f3n Telef\u00f3nica est\u00e1 el storyboard de Saul Bass de la escena de la ducha de Psicosis.<\/p>\n","protected":false},"author":1,"featured_media":0,"comment_status":"closed","ping_status":"closed","sticky":false,"template":"","format":"standard","meta":{"footnotes":""},"categories":[],"tags":[],"class_list":["post-2002002066","post","type-post","status-publish","format-standard","hentry"],"_links":{"self":[{"href":"http:\/\/www.elenacabrera.com\/weblog3\/wp-json\/wp\/v2\/posts\/2002002066","targetHints":{"allow":["GET"]}}],"collection":[{"href":"http:\/\/www.elenacabrera.com\/weblog3\/wp-json\/wp\/v2\/posts"}],"about":[{"href":"http:\/\/www.elenacabrera.com\/weblog3\/wp-json\/wp\/v2\/types\/post"}],"author":[{"embeddable":true,"href":"http:\/\/www.elenacabrera.com\/weblog3\/wp-json\/wp\/v2\/users\/1"}],"replies":[{"embeddable":true,"href":"http:\/\/www.elenacabrera.com\/weblog3\/wp-json\/wp\/v2\/comments?post=2002002066"}],"version-history":[{"count":4,"href":"http:\/\/www.elenacabrera.com\/weblog3\/wp-json\/wp\/v2\/posts\/2002002066\/revisions"}],"predecessor-version":[{"id":2002002071,"href":"http:\/\/www.elenacabrera.com\/weblog3\/wp-json\/wp\/v2\/posts\/2002002066\/revisions\/2002002071"}],"wp:attachment":[{"href":"http:\/\/www.elenacabrera.com\/weblog3\/wp-json\/wp\/v2\/media?parent=2002002066"}],"wp:term":[{"taxonomy":"category","embeddable":true,"href":"http:\/\/www.elenacabrera.com\/weblog3\/wp-json\/wp\/v2\/categories?post=2002002066"},{"taxonomy":"post_tag","embeddable":true,"href":"http:\/\/www.elenacabrera.com\/weblog3\/wp-json\/wp\/v2\/tags?post=2002002066"}],"curies":[{"name":"wp","href":"https:\/\/api.w.org\/{rel}","templated":true}]}}