{"id":2002002075,"date":"2017-02-18T19:30:47","date_gmt":"2017-02-18T17:30:47","guid":{"rendered":"http:\/\/www.elenacabrera.com\/weblog\/?p=2002002075"},"modified":"2017-02-18T19:39:09","modified_gmt":"2017-02-18T17:39:09","slug":"la-frivolidad-puede-ser-un-escudo-protector-para-el-alma","status":"publish","type":"post","link":"http:\/\/www.elenacabrera.com\/weblog3\/2017\/02\/18\/la-frivolidad-puede-ser-un-escudo-protector-para-el-alma\/","title":{"rendered":"\u00abLa frivolidad puede ser un escudo protector para el alma\u00bb"},"content":{"rendered":"<p>Le robo la cita a Tino Casal para titular este texto porque, me digo en voz baja, ojal\u00e1 lo hubiera dicho yo as\u00ed de bien. El otro d\u00eda me puse mis zapatos de tac\u00f3n de aguja de piel falsa de animal salvaje, estren\u00e9 un bolso macabro y pas\u00e9 el d\u00eda as\u00ed, en la oficina. Al terminar la jornada baj\u00e9 a la calle y esper\u00e9 en la esquina. Al poco, un motorista se detuvo a mi lado, gir\u00f3 la llave y me ofreci\u00f3 el asiento trasero.<\/p>\n<p>Apoy\u00e9 los pies en los estribos, me agarr\u00e9 fuerte y me dej\u00e9 llevar. Cogimos la Gran V\u00eda en Cibeles y seguimos recto, esquivando los coches, hasta plaza de Espa\u00f1a y a\u00fan m\u00e1s all\u00e1, bajando toda la calle Princesa hasta Moncloa. Al llegar, al fin, a Ciudad Universitaria, vi a los estudiantes de la Complutense fluir hacia fuera de los caminos del campus, regueros de hormigas expandi\u00e9ndose hacia el centro, subiendo a autobuses y bajando a bocas de metro. Les mir\u00e9, despreocupada de la conducci\u00f3n y reconoc\u00ed mi pasado en ellos. Me tranquiliza que haya escenarios que no cambian.<\/p>\n<p>Al finalizar las clases, me gustaba ir al Museo de Arte Contempor\u00e1neo y no pocas veces qued\u00e9 en su cafeter\u00eda con otras personas (amigos, novios, otros estudiantes). En aquel entonces, volver al Museo me recordaba la primera vez que lo visit\u00e9, con el colegio. Se hab\u00eda agarrado a mi memoria el Equipo Cr\u00f3nica, el arte abstracto, Juan Gris. Ese sitio de aspecto industrial me fascinaba. Asoci\u00e9 para siempre que el arte contempor\u00e1neo se expone en edificios horizontales (fr\u00edos y con abundancia de cemento y aluminio) y el arte cl\u00e1sico en vertical, en palacios de techos altos y elegancia neocl\u00e1sica.<\/p>\n<p>Hace mucho tiempo que ese edificio ya no es Museo de Arte, sino del Traje. Es uno de los espacios expositivos menos conocidos y frecuentados de Madrid, o esa es la impresi\u00f3n que tengo. En estos d\u00edas alberga \u00abArte por exceso\u00bb, una exposici\u00f3n dedicada a Tino Casal a trav\u00e9s de su vestuario.<\/p>\n<p>Tampoco Tino Casal es un artista conocido y frecuentado, por lo que he podido obtener de una encuesta informal realiza entre mis allegados menores de 30. En cambio, en los 80 fue muy popular y en los 90 muy ridiculizado por el p\u00fablico general. Pero el p\u00fablico general se equivoca, Tino Casal no pod\u00eda ser ni popular ni rid\u00edculo.<\/p>\n<p>Para m\u00ed siempre fue alguien fascinante a quien adorar, y sent\u00ed mucho <a href=\"http:\/\/elpais.com\/diario\/1991\/09\/23\/cultura\/685576805_850215.html\">su muerte en el a\u00f1o 91<\/a>.<\/p>\n<p>El folleto que acompa\u00f1a la exposici\u00f3n contiene un texto que supongo estar\u00e1 escrito por los comisarios, Juan Rodr\u00edguez y Rodrigo de la Fuente. En \u00e9l, dicen de Casal que fue \u00abun dandy posmoderno, cruce de Bowie y Sandok\u00e1n, capaz de hacer de una manta zamorana un accesorio con puntazo o de vestir guantes de encaje con sombrero vaquero\u00bb.<\/p>\n<p><a title=\"Tino Casal, El arte por exceso\" href=\"https:\/\/www.flickr.com\/photos\/elenacabreramontero\/32151559363\/in\/dateposted-public\/\" data-flickr-embed=\"true\"><img loading=\"lazy\" decoding=\"async\" src=\"https:\/\/c1.staticflickr.com\/3\/2772\/32151559363_69a09597bb_b.jpg\" alt=\"Tino Casal, El arte por exceso\" width=\"1024\" height=\"576\" \/><\/a><script async src=\"\/\/embedr.flickr.com\/assets\/client-code.js\" charset=\"utf-8\"><\/script><\/p>\n<p>Fue cantante, compositor, dise\u00f1ador gr\u00e1fico y tambi\u00e9n de moda, de su propia moda y la de su grupo. Dise\u00f1aba sus chaquetas, customizaba las de otros y creaba sus looks superponiendo piezas y combinando con fantas\u00eda. Esa deshinibici\u00f3n unida a la teatralidad y aplicada a la m\u00fasica es lo que me ha gustado tanto de \u00e9l.<\/p>\n<p>Sigo con el cat\u00e1logo: \u00aben ocasiones le insultaban por las calles de Madrid, le escupieron en aquel concierto punk de Londres en el que llevaba la chupa roja que luego vestir\u00eda Imanol Arias en <em>Laberinto de pasiones<\/em>. Pero si al salir de su casa la gente no se daba la vuelta para mirarle, volv\u00eda para poner soluci\u00f3n a esa indiferencia\u00bb.<\/p>\n<p>Como a Casal, me produce tedio lo cotidiano y, a veces, siento el deseo de volver a casa para poner soluci\u00f3n a la indiferencia, no tanto de ellos hacia m\u00ed sino de m\u00ed hacia ellos. Me entristece la sociedad gris y conservadora en la que nos estamos conviertiendo, en la calle y en el arte. Pero cuando veo destellos de exceso, me emociono.<\/p>\n<p><a title=\"Tino Casal, El arte por exceso\" href=\"https:\/\/www.flickr.com\/photos\/elenacabreramontero\/32841312901\/in\/dateposted-public\/\" data-flickr-embed=\"true\"><img loading=\"lazy\" decoding=\"async\" src=\"https:\/\/c1.staticflickr.com\/3\/2675\/32841312901_25855126a4_b.jpg\" alt=\"Tino Casal, El arte por exceso\" width=\"1024\" height=\"576\" \/><\/a><script async src=\"\/\/embedr.flickr.com\/assets\/client-code.js\" charset=\"utf-8\"><\/script><\/p>\n<p><a title=\"Tino Casal, El arte por exceso\" href=\"https:\/\/www.flickr.com\/photos\/elenacabreramontero\/32811968172\/in\/dateposted-public\/\" data-flickr-embed=\"true\"><img loading=\"lazy\" decoding=\"async\" src=\"https:\/\/c1.staticflickr.com\/3\/2253\/32811968172_483b77d9b5_b.jpg\" alt=\"Tino Casal, El arte por exceso\" width=\"1024\" height=\"576\" \/><\/a><script async src=\"\/\/embedr.flickr.com\/assets\/client-code.js\" charset=\"utf-8\"><\/script><\/p>\n<p><a title=\"Tino Casal, El arte por exceso\" href=\"https:\/\/www.flickr.com\/photos\/elenacabreramontero\/32151573693\/in\/dateposted-public\/\" data-flickr-embed=\"true\"><img loading=\"lazy\" decoding=\"async\" src=\"https:\/\/c1.staticflickr.com\/3\/2363\/32151573693_c9fc2a223d_b.jpg\" alt=\"Tino Casal, El arte por exceso\" width=\"1024\" height=\"576\" \/><\/a><script async src=\"\/\/embedr.flickr.com\/assets\/client-code.js\" charset=\"utf-8\"><\/script><\/p>\n<p>El resto de <a href=\"https:\/\/www.flickr.com\/photos\/elenacabreramontero\/albums\/72157680471253445\" target=\"_blank\">fotos de la exposici\u00f3n, aqu\u00ed<\/a>.<\/p>\n<hr \/>\n<p><em>La exposici\u00f3n, en el Museo del Traje de Madrid, ha sido prorrogada un mes, por loq ue puede visitarse hasta el 19 de marzo de 2017. Es gratuita. <a href=\"http:\/\/museodeltraje.mcu.es\/index.jsp?id=905&amp;ruta=3,16,170,876\">M\u00e1s info<\/a>.<\/em><\/p>\n","protected":false},"excerpt":{"rendered":"<p>Le robo la cita a Tino Casal para titular este texto porque, me digo en voz baja, ojal\u00e1 lo hubiera dicho yo as\u00ed de bien. El otro d\u00eda me puse mis zapatos de tac\u00f3n de aguja de piel falsa de animal salvaje, estren\u00e9 un bolso macabro y pas\u00e9 el d\u00eda as\u00ed, en la oficina. Al [&hellip;]<\/p>\n","protected":false},"author":1,"featured_media":0,"comment_status":"closed","ping_status":"closed","sticky":false,"template":"","format":"standard","meta":{"footnotes":""},"categories":[],"tags":[],"class_list":["post-2002002075","post","type-post","status-publish","format-standard","hentry"],"_links":{"self":[{"href":"http:\/\/www.elenacabrera.com\/weblog3\/wp-json\/wp\/v2\/posts\/2002002075","targetHints":{"allow":["GET"]}}],"collection":[{"href":"http:\/\/www.elenacabrera.com\/weblog3\/wp-json\/wp\/v2\/posts"}],"about":[{"href":"http:\/\/www.elenacabrera.com\/weblog3\/wp-json\/wp\/v2\/types\/post"}],"author":[{"embeddable":true,"href":"http:\/\/www.elenacabrera.com\/weblog3\/wp-json\/wp\/v2\/users\/1"}],"replies":[{"embeddable":true,"href":"http:\/\/www.elenacabrera.com\/weblog3\/wp-json\/wp\/v2\/comments?post=2002002075"}],"version-history":[{"count":5,"href":"http:\/\/www.elenacabrera.com\/weblog3\/wp-json\/wp\/v2\/posts\/2002002075\/revisions"}],"predecessor-version":[{"id":2002002080,"href":"http:\/\/www.elenacabrera.com\/weblog3\/wp-json\/wp\/v2\/posts\/2002002075\/revisions\/2002002080"}],"wp:attachment":[{"href":"http:\/\/www.elenacabrera.com\/weblog3\/wp-json\/wp\/v2\/media?parent=2002002075"}],"wp:term":[{"taxonomy":"category","embeddable":true,"href":"http:\/\/www.elenacabrera.com\/weblog3\/wp-json\/wp\/v2\/categories?post=2002002075"},{"taxonomy":"post_tag","embeddable":true,"href":"http:\/\/www.elenacabrera.com\/weblog3\/wp-json\/wp\/v2\/tags?post=2002002075"}],"curies":[{"name":"wp","href":"https:\/\/api.w.org\/{rel}","templated":true}]}}