{"id":2002002082,"date":"2017-03-12T21:49:52","date_gmt":"2017-03-12T19:49:52","guid":{"rendered":"http:\/\/www.elenacabrera.com\/weblog\/?p=2002002082"},"modified":"2017-03-12T21:52:49","modified_gmt":"2017-03-12T19:52:49","slug":"la-mirada-imprescindible-de-jose-palazon","status":"publish","type":"post","link":"http:\/\/www.elenacabrera.com\/weblog3\/2017\/03\/12\/la-mirada-imprescindible-de-jose-palazon\/","title":{"rendered":"La mirada imprescindible de Jos\u00e9 Palaz\u00f3n"},"content":{"rendered":"<p>Ha sido la mirada de Jos\u00e9 Palaz\u00f3n la que nos ha permitido quitarnos la venda de los ojos que nos imped\u00eda ver la situaci\u00f3n de Melilla. Sin su cabezoner\u00eda, seguir\u00edamos mirando hacia otro lado. Sin los dardos afilados de sus declaraciones p\u00fablicas, no entender\u00edamos nada. Sin su activismo por los derechos de la infancia, los ni\u00f1os que viven en las calles de Melilla seguir\u00edan sin importarle a nadie. Sin su foto, sin su famosa foto, el mundo no habr\u00eda entendido la valla de Melilla como el gran s\u00edmbolo de la desigualdad que es. Esa valla no es solo un obst\u00e1culo arquitect\u00f3nico, es la l\u00ednea divisoria entre ricos y pobres, norte y sur, poderosos contra vulnerables.<!--more--><\/p>\n<p>Volvamos a la foto, porque es fruto de la Mirada Palaz\u00f3n. Una imagen, Premio Ortega y Gasset de Periodismo 2015, que divide el mundo en dos: entre los que juegan al golf bajo palmeras regadas en abundancia y los que se encaraman a una valla de seis metros huyendo de la miseria, el hambre, la guerra o, lo que sea, no importa. Huyendo. Y un agente de seguridad impidiendo que esas personas obtengan para su vida precisamente eso: seguridad. Lo que caracteriza la Mirada Palaz\u00f3n es que su c\u00e1mara enfoc\u00f3 a los golfistas y dej\u00f3 en borroso segundo plano la valla. Palaz\u00f3n nos hace sentir verg\u00fcenza por permanecer ajenos, jugando nuestras partidas, mirando hacia otro lado como si no fu\u00e9ramos responsables.<\/p>\n<p>Dijo Palaz\u00f3n que, desde que el ministro Fern\u00e1ndez D\u00edaz aire\u00f3 su nombre en el programa de Jordi \u00c9vole, la gente de Melilla tiene miedo de ser vista a su lado. Que la mayor\u00eda en esa ciudad depende de un contrato p\u00fablico, una ayuda o una subvenci\u00f3n. Y, con los periodistas, lo mismo. Pero a \u00e9l, y a su asociaci\u00f3n, esto no parece importarle demasiado porque, como dice Palaz\u00f3n, hay cosas m\u00e1s importantes.<\/p>\n<p><a title=\"Luis Valtue\u00f1a_RP_02\" href=\"https:\/\/www.flickr.com\/photos\/muvim\/21464005919\/in\/photolist-MUoH7D-LWR1mk-MRiD6S-MsijMj-LWQWNi-MLXG9V-MJhMoJ-MJhLSy-LWT4HY-MLXEpn-uute2j-z11WNz-z11WDX-y3khG4-y3khLH-yYcZgS-yYcZt5-yGGDpx-yZd7zB-yYcZnJ-yYcZku-yGAZef-yGBrbU-yZd7pB-y3bN8C-y3khuR-yYcZb1-yYcZ2J-y3kho8-yGBqQo-yGGDcD-z11Wrx-yGAYRm-yWUzVC-yGGDaz-yZd7dp-yGAYUh-z11Wu8-yGBqTu-yWUzK7-yWUzJL-y3khme-yWUzH3-yZd71v-yWUzGS-yYcYRU-y3khgV-s4P2ZT-6wuCD5-6wuCs7\" data-flickr-embed=\"true\"><img loading=\"lazy\" decoding=\"async\" src=\"https:\/\/c1.staticflickr.com\/6\/5714\/21464005919_1e9db92035_z.jpg\" alt=\"Luis Valtue\u00f1a_RP_02\" width=\"640\" height=\"426\" \/><\/a><script async src=\"\/\/embedr.flickr.com\/assets\/client-code.js\" charset=\"utf-8\"><\/script><\/p>\n<p>La integridad f\u00edsica de las personas que se ven obligadas a saltar la valla \u2014porque no les estamos dando otra opci\u00f3n\u2014 es m\u00e1s importante. La vulnerabilidad de los adolescentes extranjeros, solos, en Melilla, es m\u00e1s importante. Los derechos humanos, en definitiva, son m\u00e1s importantes que cualquier otra cosa. Hay una violencia desproporcionada a ambos lados de la valla de Melilla y ah\u00ed ha estado la Mirada Palaz\u00f3n observando, grabando, fotografiando y denunciando.<\/p>\n<p>Jos\u00e9 asegura esto con la seguridad de quien lo ha visto mil veces. La media sonrisa en la cara de quien mil veces se ha topado con la incredulidad del otro. El brillo en los ojos \u2014peque\u00f1os, afilados\u2014 de quien ya no tiene nada que temer, a sus a\u00f1os, a estas alturas. La Mirada Palaz\u00f3n es contagiosa.<\/p>\n<p>El tel\u00e9fono del activista suena con frecuencia y a cualquier hora. Y \u00e9l tiene que estar dispuesto a correr hacia donde sea, armado de una c\u00e1mara y un kilo de paciencia. De esto \u00faltimo no anda escaso. Un fot\u00f3grafo profesional, quiz\u00e1, habr\u00eda tomado la foto de la que hemos hablado antes y se habr\u00eda marchado a la redacci\u00f3n a enviarla. Palaz\u00f3n, en cambio, se mantuvo al pie de la valla hasta que cay\u00f3 la noche. Gracias a eso sabemos c\u00f3mo terminan las historias que hay m\u00e1s all\u00e1 de la foto. Aquel d\u00eda, aprovechando la oscuridad, se apagaron las luces de la frontera durante quince minutos. Cuando volvieron a encenderse, las personas que hab\u00edan aguantado horas en lo alto hab\u00edan desaparecido. Todos hab\u00edan sido deportados a Marruecos.<\/p>\n<p>La Mirada Palaz\u00f3n nos he ense\u00f1ado a quedarnos hasta el final, incluso m\u00e1s all\u00e1 del final, para saber qu\u00e9 pasa, para entender qu\u00e9 pasa, y contarlo despu\u00e9s.<\/p>\n<hr \/>\n<p><a href=\"http:\/\/blogs.publico.es\/dominiopublico\/19361\/la-mirada-palazon\/\"><em>Publicado originalmente en P\u00fablico.es el 1 de marzo de 2017.<\/em><\/a><\/p>\n","protected":false},"excerpt":{"rendered":"<p>Ha sido la mirada de Jos\u00e9 Palaz\u00f3n la que nos ha permitido quitarnos la venda de los ojos que nos imped\u00eda ver la situaci\u00f3n de Melilla. Sin su cabezoner\u00eda, seguir\u00edamos mirando hacia otro lado. Sin los dardos afilados de sus declaraciones p\u00fablicas, no entender\u00edamos nada. Sin su activismo por los derechos de la infancia, los [&hellip;]<\/p>\n","protected":false},"author":1,"featured_media":0,"comment_status":"closed","ping_status":"closed","sticky":false,"template":"","format":"standard","meta":{"footnotes":""},"categories":[],"tags":[],"class_list":["post-2002002082","post","type-post","status-publish","format-standard","hentry"],"_links":{"self":[{"href":"http:\/\/www.elenacabrera.com\/weblog3\/wp-json\/wp\/v2\/posts\/2002002082","targetHints":{"allow":["GET"]}}],"collection":[{"href":"http:\/\/www.elenacabrera.com\/weblog3\/wp-json\/wp\/v2\/posts"}],"about":[{"href":"http:\/\/www.elenacabrera.com\/weblog3\/wp-json\/wp\/v2\/types\/post"}],"author":[{"embeddable":true,"href":"http:\/\/www.elenacabrera.com\/weblog3\/wp-json\/wp\/v2\/users\/1"}],"replies":[{"embeddable":true,"href":"http:\/\/www.elenacabrera.com\/weblog3\/wp-json\/wp\/v2\/comments?post=2002002082"}],"version-history":[{"count":2,"href":"http:\/\/www.elenacabrera.com\/weblog3\/wp-json\/wp\/v2\/posts\/2002002082\/revisions"}],"predecessor-version":[{"id":2002002084,"href":"http:\/\/www.elenacabrera.com\/weblog3\/wp-json\/wp\/v2\/posts\/2002002082\/revisions\/2002002084"}],"wp:attachment":[{"href":"http:\/\/www.elenacabrera.com\/weblog3\/wp-json\/wp\/v2\/media?parent=2002002082"}],"wp:term":[{"taxonomy":"category","embeddable":true,"href":"http:\/\/www.elenacabrera.com\/weblog3\/wp-json\/wp\/v2\/categories?post=2002002082"},{"taxonomy":"post_tag","embeddable":true,"href":"http:\/\/www.elenacabrera.com\/weblog3\/wp-json\/wp\/v2\/tags?post=2002002082"}],"curies":[{"name":"wp","href":"https:\/\/api.w.org\/{rel}","templated":true}]}}