{"id":2002002088,"date":"2017-04-08T11:39:51","date_gmt":"2017-04-08T09:39:51","guid":{"rendered":"http:\/\/www.elenacabrera.com\/weblog\/?p=2002002088"},"modified":"2017-04-08T11:42:04","modified_gmt":"2017-04-08T09:42:04","slug":"zoido-sufre-un-ataque-de-sinceridad-con-los-cie","status":"publish","type":"post","link":"http:\/\/www.elenacabrera.com\/weblog3\/2017\/04\/08\/zoido-sufre-un-ataque-de-sinceridad-con-los-cie\/","title":{"rendered":"Zoido sufre un ataque de sinceridad con los CIE"},"content":{"rendered":"<p>La semana pasada pude visitar la reutilizaci\u00f3n de un espacio obsoleto a las afueras de \u00c1msterdam. Ante la necesidad de dar acogida a un creciente n\u00famero de refugiados, el Estado ha cedido estas instalaciones no solo para darles una posibilidad habitacional gratuita sino tambi\u00e9n para crear un espacio de alquileres baratos a artistas y organizaciones que trabajen sobre el tema de migrantes y refugiados.<\/p>\n<p>Hasta aqu\u00ed no suena mal, pero eso es quiz\u00e1 porque he eludido un dato fundamental: las instalaciones obsoletas a las que me refiero son las de la antigua c\u00e1rcel de \u00c1msterdam.<!--more--><\/p>\n<p>Conoc\u00ed un refugiado somal\u00ed que hab\u00eda declinado amablemente su plaza en Wenckebachweg, que es el nombre de esto que llamar\u00edamos campo, entre comillas, de refugiados en la vieja prisi\u00f3n de Bijlmerbajes. Al preguntarle porqu\u00e9 prefer\u00eda ir de sof\u00e1 en sof\u00e1 en lugar de tener un espacio propio, contest\u00f3: \u201cya he pasado por suficientes c\u00e1rceles en mi vida\u201d.<\/p>\n<p>El COA, el organismo que maneja el flujo de refugiados que llega a los Pa\u00edses Bajos, gestiona los recursos que tiene con holandesa habilidad. Pero es evidente que en sus cifras de impacto no contempla el da\u00f1o psicol\u00f3gico. El refugio de migrantes Wenckebachweg tiene un poco de no-lugar: un lugar de excepci\u00f3n, de control, de paso, de no-vida. Hay m\u00e1s lugares como ese donde, a mayor control, mayor privaci\u00f3n de derechos. Y todos est\u00e1n atravesados por una \u00fanica y estremecedora variable: la pol\u00edtica migratoria.<\/p>\n<p>Este inmundo, inhumano e idiota sistema de control migratorio <a href=\"https:\/\/porcausa.org\/tag\/no-lugares\/\">produce no-lugares<\/a> como setas: centros de detenci\u00f3n, centros de internamiento, centros de estancia temporal, <a href=\"https:\/\/porcausa.org\/comienza-la-calle\/\">redadas en el centro de una ciudad<\/a>\u2026 en el centro del sistema no hemos puesto los derechos humanos, hemos instalado unos barrotes.<\/p>\n<p>Los Centros de Internamiento de Extranjeros no son c\u00e1rceles pero tienen todos los barrotes para serlo. En Madrid hay uno en el barrio de Aluche, lindando con el descampado sobre el que hace no mucho se levantaba la c\u00e1rcel de Carabanchel. No deja de ser ir\u00f3nico que se demoliera la prisi\u00f3n que priv\u00f3 de libertad a tantos luchadores contra la dictadura franquista y, a su lado, ocultando sus barrotes con unas pintorescas contraventanas azules, se alce hoy otro tipo de prisi\u00f3n contempor\u00e1nea. El CIE de Aluche es un lugar de retenci\u00f3n forzada para expulsar de Espa\u00f1a a otro tipo de luchadores y h\u00e9roes, hombres y mujeres que, por el motivo que sea, abandonan sus casas y llegan a Espa\u00f1a buscando libertad y una vida digna.<\/p>\n<p>Espa\u00f1a, en cambio, tiene otro plan para esas personas: tratarles como criminales. Parece dar igual las veces que repitamos que entrar en Espa\u00f1a de manera irregular no es un delito sino una falta administrativa. A pesar de ello, el sistema les confina en una instalaci\u00f3n que no la llama c\u00e1rcel pero de la que no se puede salir de manera voluntaria. Los testimonios de los que han pasado por all\u00ed <a href=\"http:\/\/www.publico.es\/opinion\/cie-dante.html\">nos hablan de humillaciones y privaciones de derechos<\/a>. Es un lugar de <a href=\"http:\/\/www.publico.es\/sociedad\/encerrados-reapertura-del-cie-valencia.html\">insalubridad<\/a> y de <a href=\"http:\/\/www.publico.es\/sociedad\/neglicencias-juicio-medico-enfermera-cie.html\">muerte<\/a>. Los internos <a href=\"http:\/\/www.publico.es\/sociedad\/39-internos-protestan-noche-azotea.html\">se empoderan y est\u00e1n haciendo visible la injusticia<\/a>. Los jueces denuncian <a href=\"http:\/\/www.publico.es\/sociedad\/jueces-democracia-pide-desaparicion-cies.html\">serias irregularidades<\/a>. La sociedad civil lleva tiempo pidiendo el cierre de los CIE, <a href=\"http:\/\/www.publico.es\/sociedad\/inaceptable-medios-llamen-centros-acogida.html\">\u201cun guant\u00e1namo espa\u00f1ol\u201d,<\/a> lo llaman.<\/p>\n<p>\u00bfY cu\u00e1l es la respuesta del Gobierno ante este clima de denuncia? <a href=\"http:\/\/www.publico.es\/politica\/interior-anuncia-nuevos-cie.html\">Abrir otros tres CIE<\/a>.<\/p>\n<p>Para el ministro del Interior, Juan Ignacio Zoido, construir m\u00e1s Centros de Internamiento es necesario porque el CIE es \u201cuna herramienta para controlar la pol\u00edtica migratoria que tiene la Uni\u00f3n Europea\u201d. Gracias por la sinceridad, se\u00f1or ministro.<\/p>\n<p>Espa\u00f1a no est\u00e1 sola. Espa\u00f1a es socia de la Uni\u00f3n Europea en una pol\u00edtica de control infame, destructora de los derechos humanos, ciega, idiota, cabezota. Una pol\u00edtica inspiradora de no-lugares demenciales, capaz de ubicar a personas que han dejado atr\u00e1s su hogar y ahora tienen una no-vida en no-casas con formato contenedor de obras, antiguos m\u00f3dulos carcelarios con toque de queda y antesalas de la deportaci\u00f3n y vuelta a la casilla de salida. Un lugar al que llamamos \u201cCIE\u201d como quien dice \u201cparabenes\u201d: algo que no sabemos muy bien qu\u00e9 significa y que tampoco nos cuentan porque una de las caracter\u00edsticas de los no-lugares es su opacidad para los que no viven en \u00e9l.<\/p>\n<p>Si lo que se pretende es regular la inmigraci\u00f3n, el CIE se ha demostrado como no eficaz. Hay que cerrarlos y adem\u00e1s <a href=\"https:\/\/actua.porcausa.org\/peticion\/ciesno\/\">hay que impedir que se construyan m\u00e1s<\/a>. Si lo que se quiere es asustar y amedrentar a los inmigrantes y hacerles sentir que Espa\u00f1a y la Uni\u00f3n Europea no es lugar de acogida entonces s\u00ed, el Ministro tiene raz\u00f3n, el CIE es la herramienta fundamental para el control migratorio.<\/p>\n<p style=\"text-align: right;\"><a href=\"http:\/\/blogs.publico.es\/otrasmiradas\/8329\/zoido-sufre-un-ataque-de-sinceridad-con-los-cie\/\">Publicado en P\u00fablico el 6 de abril de 2017<\/a><\/p>\n","protected":false},"excerpt":{"rendered":"<p>La semana pasada pude visitar la reutilizaci\u00f3n de un espacio obsoleto a las afueras de \u00c1msterdam. Ante la necesidad de dar acogida a un creciente n\u00famero de refugiados, el Estado ha cedido estas instalaciones no solo para darles una posibilidad habitacional gratuita sino tambi\u00e9n para crear un espacio de alquileres baratos a artistas y organizaciones [&hellip;]<\/p>\n","protected":false},"author":1,"featured_media":2002002089,"comment_status":"closed","ping_status":"closed","sticky":false,"template":"","format":"standard","meta":{"footnotes":""},"categories":[],"tags":[],"class_list":["post-2002002088","post","type-post","status-publish","format-standard","has-post-thumbnail","hentry"],"_links":{"self":[{"href":"http:\/\/www.elenacabrera.com\/weblog3\/wp-json\/wp\/v2\/posts\/2002002088","targetHints":{"allow":["GET"]}}],"collection":[{"href":"http:\/\/www.elenacabrera.com\/weblog3\/wp-json\/wp\/v2\/posts"}],"about":[{"href":"http:\/\/www.elenacabrera.com\/weblog3\/wp-json\/wp\/v2\/types\/post"}],"author":[{"embeddable":true,"href":"http:\/\/www.elenacabrera.com\/weblog3\/wp-json\/wp\/v2\/users\/1"}],"replies":[{"embeddable":true,"href":"http:\/\/www.elenacabrera.com\/weblog3\/wp-json\/wp\/v2\/comments?post=2002002088"}],"version-history":[{"count":3,"href":"http:\/\/www.elenacabrera.com\/weblog3\/wp-json\/wp\/v2\/posts\/2002002088\/revisions"}],"predecessor-version":[{"id":2002002092,"href":"http:\/\/www.elenacabrera.com\/weblog3\/wp-json\/wp\/v2\/posts\/2002002088\/revisions\/2002002092"}],"wp:featuredmedia":[{"embeddable":true,"href":"http:\/\/www.elenacabrera.com\/weblog3\/wp-json\/wp\/v2\/media\/2002002089"}],"wp:attachment":[{"href":"http:\/\/www.elenacabrera.com\/weblog3\/wp-json\/wp\/v2\/media?parent=2002002088"}],"wp:term":[{"taxonomy":"category","embeddable":true,"href":"http:\/\/www.elenacabrera.com\/weblog3\/wp-json\/wp\/v2\/categories?post=2002002088"},{"taxonomy":"post_tag","embeddable":true,"href":"http:\/\/www.elenacabrera.com\/weblog3\/wp-json\/wp\/v2\/tags?post=2002002088"}],"curies":[{"name":"wp","href":"https:\/\/api.w.org\/{rel}","templated":true}]}}