{"id":2002002097,"date":"2017-04-25T23:18:53","date_gmt":"2017-04-25T21:18:53","guid":{"rendered":"http:\/\/www.elenacabrera.com\/weblog\/?p=2002002097"},"modified":"2017-04-26T00:24:01","modified_gmt":"2017-04-25T22:24:01","slug":"mujeres-que-se-cuidan","status":"publish","type":"post","link":"http:\/\/www.elenacabrera.com\/weblog3\/2017\/04\/25\/mujeres-que-se-cuidan\/","title":{"rendered":"Mujeres que se cuidan"},"content":{"rendered":"<p>La verdadera Ciudad de las Mujeres no se parece a la fantas\u00eda de Fellini. No he estado all\u00ed, pero hoy he escuchado a su fundadora, Patricia Guerrero, hablar de ella.<\/p>\n<p>No era la primera vez, en <a href=\"http:\/\/especiales.univision.com\/desigualdad\/genero\/article\/no-es-posible-la-reconciliacion-en-colombia-sin-reconocer-la-violencia-sexual-hacia-las-mujeres\/2413\">esta entrevista de Lula G\u00f3mez<\/a> supe por primera vez de <a href=\"http:\/\/www.ligademujeres.org\/magazine\/ciudad_mujeres.html\">La Ciudad de las Mujeres<\/a>.<\/p>\n<p><iframe loading=\"lazy\" src=\"https:\/\/www.youtube.com\/embed\/COkswIMpnnc\" width=\"853\" height=\"480\" frameborder=\"0\" allowfullscreen=\"allowfullscreen\"><\/iframe><\/p>\n<p>Durante la conversaci\u00f3n de hoy, tambi\u00e9n estaba presente Lula, qui\u00e9n un rato despu\u00e9s se marchar\u00eda a la <a href=\"http:\/\/www.casamerica.es\/cine\/mujeres-al-frente-la-ley-de-las-mas-nobles?utm_content=buffer659d7&amp;utm_medium=social&amp;utm_source=twitter.com&amp;utm_campaign=buffer\">proyecci\u00f3n de su documental \u00abMujeres al frente, la ley de las m\u00e1s nobles\u00bb en Casa Am\u00e9rica<\/a>. Su pel\u00edcula nos habla de la Ciudad de las Mujeres a trav\u00e9s de varias entrevistas a mujeres colombianas, v\u00edctimas del desplazamiento forzado, que luchan por superar el conflicto con verdadera reparaci\u00f3n. Patricia ver\u00eda la pel\u00edcula, por primera vez, durante el pase.<\/p>\n<blockquote class=\"twitter-tweet\" data-lang=\"es\">\n<p dir=\"ltr\" lang=\"es\">.<a href=\"https:\/\/twitter.com\/lulagomez\">@lulagomez<\/a> <a href=\"https:\/\/twitter.com\/casamerica\">@casamerica<\/a> \u00abEl problema de Colombia se conoce m\u00e1s fuera que en nuestro pa\u00eds\u00bb dice Patricia Guerrero en <a href=\"https:\/\/twitter.com\/casamerica\">@casamerica<\/a> <a href=\"https:\/\/twitter.com\/hashtag\/mujeresalfrente?src=hash\">#mujeresalfrente<\/a> <a href=\"https:\/\/t.co\/Bm4FDfT8TY\">pic.twitter.com\/Bm4FDfT8TY<\/a><\/p>\n<p>\u2014 Editorial Libros.com (@libroscom) <a href=\"https:\/\/twitter.com\/libroscom\/status\/856924664916004870\">25 de abril de 2017<\/a><\/p><\/blockquote>\n<p><script async src=\"\/\/platform.twitter.com\/widgets.js\" charset=\"utf-8\"><\/script><\/p>\n<p>Lula <a href=\"https:\/\/libros.com\/crowdfunding\/mujeres-al-frente\/\">ha escrito tambi\u00e9n un libro<\/a> sobre esta historia porque, seg\u00fan dijo en Casa Am\u00e9rica, los medios no le compraban sus reportajes sobre estas mujeres.<\/p>\n<p>\u00abLa Ciudad de las Mujeres es la cosa m\u00e1s bella que existe\u00bb, explicaba Patricia en el art\u00edculo que publicamos en Desigualdad Univision Noticias. \u00abA m\u00ed me ha reconciliado con mi vida, con mi ser. Somos un peque\u00f1o barrio de 98 casas. All\u00ed viven hoy alrededor de 500 mujeres, sus ni\u00f1os y ni\u00f1as y algunos hombres. Tenemos una escuela, un centro comunitario y seguimos luchando por los servicios p\u00fablicos. Es un proceso permanente de lo que quieren las mujeres en este pa\u00eds y de que s\u00ed se puede salir del conflicto, resistir, exigir, tener una nueva visi\u00f3n, mantener una resiliencia revolucionaria y constructiva hacia el futuro\u00bb.<\/p>\n<p>No es f\u00e1cil, nos contaba hoy. Las mujeres siguen sometidas a violencia patriarcal; la Ciudad vive asediada por promotores inmobiliarios que cercan sus terrenos; las familias crecen pero la tierra y los recursos no lo hacen. <\/p>\n<blockquote class=\"twitter-tweet\" data-lang=\"es\">\n<p dir=\"ltr\" lang=\"es\">Ahora con la maravillosa Patricia Guerrero.\u00bbHay multinacionales de los DDHH que no necesitan fondos ya\u00bb \u2764\ufe0f toma ya! <a href=\"https:\/\/t.co\/Dj8bmM4eh1\">https:\/\/t.co\/Dj8bmM4eh1<\/a><\/p>\n<p>\u2014 Lucila Rodriguez -A (@lularoal) <a href=\"https:\/\/twitter.com\/lularoal\/status\/856855912761393154\">25 de abril de 2017<\/a><\/p><\/blockquote>\n<p><script async src=\"\/\/platform.twitter.com\/widgets.js\" charset=\"utf-8\"><\/script><\/p>\n<p>En la web de la organizaci\u00f3n que dirige Patricia Guerrero, Liga de Mujeres Desplazadas, se puede leer esta cita de Mary Wollstonecraft, madre de Mary Shelley: \u00abYo no deseo que las mujeres tengan poder sobre los hombres, sino sobre ellas mismas\u00bb.<\/p>\n<blockquote class=\"instagram-media\" data-instgrm-captioned data-instgrm-version=\"7\" style=\" background:#FFF; border:0; border-radius:3px; box-shadow:0 0 1px 0 rgba(0,0,0,0.5),0 1px 10px 0 rgba(0,0,0,0.15); margin: 1px; max-width:658px; padding:0; width:99.375%; width:-webkit-calc(100% - 2px); width:calc(100% - 2px);\">\n<div style=\"padding:8px;\">\n<div style=\" background:#F8F8F8; line-height:0; margin-top:40px; padding:50.0% 0; text-align:center; width:100%;\">\n<div style=\" background:url(data:image\/png;base64,iVBORw0KGgoAAAANSUhEUgAAACwAAAAsCAMAAAApWqozAAAABGdBTUEAALGPC\/xhBQAAAAFzUkdCAK7OHOkAAAAMUExURczMzPf399fX1+bm5mzY9AMAAADiSURBVDjLvZXbEsMgCES5\/P8\/t9FuRVCRmU73JWlzosgSIIZURCjo\/ad+EQJJB4Hv8BFt+IDpQoCx1wjOSBFhh2XssxEIYn3ulI\/6MNReE07UIWJEv8UEOWDS88LY97kqyTliJKKtuYBbruAyVh5wOHiXmpi5we58Ek028czwyuQdLKPG1Bkb4NnM+VeAnfHqn1k4+GPT6uGQcvu2h2OVuIf\/gWUFyy8OWEpdyZSa3aVCqpVoVvzZZ2VTnn2wU8qzVjDDetO90GSy9mVLqtgYSy231MxrY6I2gGqjrTY0L8fxCxfCBbhWrsYYAAAAAElFTkSuQmCC); display:block; height:44px; margin:0 auto -44px; position:relative; top:-22px; width:44px;\"><\/div>\n<\/div>\n<p style=\" margin:8px 0 0 0; padding:0 4px;\"> <a href=\"https:\/\/www.instagram.com\/p\/BTUPI2XBhmf\/\" style=\" color:#000; font-family:Arial,sans-serif; font-size:14px; font-style:normal; font-weight:normal; line-height:17px; text-decoration:none; word-wrap:break-word;\" target=\"_blank\">Hoy he tenido la suerte de pasar unas horas con esta mujer excepcional, Patricia Guerrero, fundadora de las ciudad de las muertes en Colombia, un sip gobernado por las mujeres desplazadas con una \u00fanica regla, la no violencia. Patricia me ha impresionado dedicando su vida a las dem\u00e1s. ??????? mujeres impresionantes. #mujeres #womanpower<\/a><\/p>\n<p style=\" color:#c9c8cd; font-family:Arial,sans-serif; font-size:14px; line-height:17px; margin-bottom:0; margin-top:8px; overflow:hidden; padding:8px 0 7px; text-align:center; text-overflow:ellipsis; white-space:nowrap;\">Una publicaci\u00f3n compartida de Lucila Rodriguez-Alarcon (@lularoal) el <time style=\" font-family:Arial,sans-serif; font-size:14px; line-height:17px;\" datetime=\"2017-04-25T17:09:49+00:00\">25 de Abr de 2017 a la(s) 10:09 PDT<\/time><\/p>\n<\/div>\n<\/blockquote>\n<p><script async defer src=\"\/\/platform.instagram.com\/en_US\/embeds.js\"><\/script><\/p>\n","protected":false},"excerpt":{"rendered":"<p>La verdadera Ciudad de las Mujeres no se parece a la fantas\u00eda de Fellini. No he estado all\u00ed, pero hoy he escuchado a su fundadora, Patricia Guerrero, hablar de ella. No era la primera vez, en esta entrevista de Lula G\u00f3mez supe por primera vez de La Ciudad de las Mujeres. Durante la conversaci\u00f3n de [&hellip;]<\/p>\n","protected":false},"author":1,"featured_media":2002002100,"comment_status":"closed","ping_status":"closed","sticky":false,"template":"","format":"standard","meta":{"footnotes":""},"categories":[],"tags":[],"class_list":["post-2002002097","post","type-post","status-publish","format-standard","has-post-thumbnail","hentry"],"_links":{"self":[{"href":"http:\/\/www.elenacabrera.com\/weblog3\/wp-json\/wp\/v2\/posts\/2002002097","targetHints":{"allow":["GET"]}}],"collection":[{"href":"http:\/\/www.elenacabrera.com\/weblog3\/wp-json\/wp\/v2\/posts"}],"about":[{"href":"http:\/\/www.elenacabrera.com\/weblog3\/wp-json\/wp\/v2\/types\/post"}],"author":[{"embeddable":true,"href":"http:\/\/www.elenacabrera.com\/weblog3\/wp-json\/wp\/v2\/users\/1"}],"replies":[{"embeddable":true,"href":"http:\/\/www.elenacabrera.com\/weblog3\/wp-json\/wp\/v2\/comments?post=2002002097"}],"version-history":[{"count":6,"href":"http:\/\/www.elenacabrera.com\/weblog3\/wp-json\/wp\/v2\/posts\/2002002097\/revisions"}],"predecessor-version":[{"id":2002002104,"href":"http:\/\/www.elenacabrera.com\/weblog3\/wp-json\/wp\/v2\/posts\/2002002097\/revisions\/2002002104"}],"wp:featuredmedia":[{"embeddable":true,"href":"http:\/\/www.elenacabrera.com\/weblog3\/wp-json\/wp\/v2\/media\/2002002100"}],"wp:attachment":[{"href":"http:\/\/www.elenacabrera.com\/weblog3\/wp-json\/wp\/v2\/media?parent=2002002097"}],"wp:term":[{"taxonomy":"category","embeddable":true,"href":"http:\/\/www.elenacabrera.com\/weblog3\/wp-json\/wp\/v2\/categories?post=2002002097"},{"taxonomy":"post_tag","embeddable":true,"href":"http:\/\/www.elenacabrera.com\/weblog3\/wp-json\/wp\/v2\/tags?post=2002002097"}],"curies":[{"name":"wp","href":"https:\/\/api.w.org\/{rel}","templated":true}]}}