{"id":2002002113,"date":"2017-08-22T14:34:58","date_gmt":"2017-08-22T12:34:58","guid":{"rendered":"http:\/\/www.elenacabrera.com\/weblog\/?p=2002002113"},"modified":"2017-08-22T14:35:32","modified_gmt":"2017-08-22T12:35:32","slug":"somos-de-la-resistencia","status":"publish","type":"post","link":"http:\/\/www.elenacabrera.com\/weblog3\/2017\/08\/22\/somos-de-la-resistencia\/","title":{"rendered":"Somos de la resistencia"},"content":{"rendered":"<p>Sab\u00eda tanto (y tan poco) de la valla de Melilla, que hace meses <a href=\"http:\/\/www.elenacabrera.com\/weblog\/soy-una-valla\/\">escrib\u00ed un art\u00edculo<\/a> en el que ella hablaba de s\u00ed misma.<\/p>\n<blockquote><p>Hola, \u00bfqu\u00e9 tal? Soy una valla. En concreto, soy una valla espa\u00f1ola. Me clavaron al suelo de Melilla en 1990, as\u00ed que tengo 26 a\u00f1os. A\u00fan soy joven, pero ya no soy una ni\u00f1a.<\/p><\/blockquote>\n<p>As\u00ed empezaba.<\/p>\n<p>Poco despu\u00e9s, el pintor Juan Gallego <a href=\"https:\/\/elpais.com\/elpais\/2016\/12\/22\/3500_millones\/1482404420_321929.html\" target=\"_blank\">ley\u00f3 el art\u00edculo<\/a> y propuso a la Fundaci\u00f3n porCausa convertirlo en c\u00f3mic. Juan sinti\u00f3 que poco m\u00e1s hab\u00eda que hacer con el texto, salvo dejarlo volar y darle m\u00e1s vida. En sus manos, la historia pasaba de la radio a la televisi\u00f3n. No solo escuchabas hablar a la valla, sino que la sent\u00edas.<\/p>\n<p>La historieta se acaba de publicar en el nuevo n\u00famero (el sexto) de la revista que Juanjo el R\u00e1pido dirige para la editorial Dibbuks, La Resistencia.<\/p>\n<p>Esta no es la primera vez que publico en un artefacto dirigido por Juanjo, ya lo hice en La + Bella y en TOS. <a href=\"http:\/\/www.elenacabrera.com\/weblog\/tag\/juanjo-el-rapido\/\">Nuestras vidas se han cruzado mucho<\/a>, por lo que me hace ilusi\u00f3n doble esta nueva publicaci\u00f3n. El n\u00famero se ha presentado, en adelanto, en el <a href=\"http:\/\/www.elenacabrera.com\/weblog\/tag\/vinetas-desde-o-atlantico\/\">Vi\u00f1etas Desde O Atl\u00e1ntico<\/a>, un sal\u00f3n de c\u00f3mic que tambi\u00e9n est\u00e1 muy ligado a mi vida.<\/p>\n<blockquote class=\"twitter-video\" data-lang=\"es\">\n<p lang=\"es\" dir=\"ltr\">Nuevo n\u00famero de La Resistencia de <a href=\"https:\/\/twitter.com\/Dibbuks\">@Dibbuks<\/a> con historieta de <a href=\"https:\/\/twitter.com\/juangallegopint\">@juangallegopint<\/a> y m\u00eda para <a href=\"https:\/\/twitter.com\/porCausaorg\">@porCausaorg<\/a>. &quot;Soy una valla&quot;. <a href=\"https:\/\/t.co\/hWDJNqlp2m\">pic.twitter.com\/hWDJNqlp2m<\/a><\/p>\n<p>&mdash; \u00b7#e#\u00b7 (@elenac) <a href=\"https:\/\/twitter.com\/elenac\/status\/899956973717917697\">22 de agosto de 2017<\/a><\/p><\/blockquote>\n<p><script async src=\"\/\/platform.twitter.com\/widgets.js\" charset=\"utf-8\"><\/script><\/p>\n<p>Muy pronto, en las librer\u00edas.<\/p>\n","protected":false},"excerpt":{"rendered":"<p>Sab\u00eda tanto (y tan poco) de la valla de Melilla, que hace meses escrib\u00ed un art\u00edculo en el que ella hablaba de s\u00ed misma. Hola, \u00bfqu\u00e9 tal? Soy una valla. En concreto, soy una valla espa\u00f1ola. Me clavaron al suelo de Melilla en 1990, as\u00ed que tengo 26 a\u00f1os. A\u00fan soy joven, pero ya no [&hellip;]<\/p>\n","protected":false},"author":1,"featured_media":2002002115,"comment_status":"closed","ping_status":"closed","sticky":false,"template":"","format":"standard","meta":{"footnotes":""},"categories":[2],"tags":[],"class_list":["post-2002002113","post","type-post","status-publish","format-standard","has-post-thumbnail","hentry","category-twentytwentyfive"],"_links":{"self":[{"href":"http:\/\/www.elenacabrera.com\/weblog3\/wp-json\/wp\/v2\/posts\/2002002113","targetHints":{"allow":["GET"]}}],"collection":[{"href":"http:\/\/www.elenacabrera.com\/weblog3\/wp-json\/wp\/v2\/posts"}],"about":[{"href":"http:\/\/www.elenacabrera.com\/weblog3\/wp-json\/wp\/v2\/types\/post"}],"author":[{"embeddable":true,"href":"http:\/\/www.elenacabrera.com\/weblog3\/wp-json\/wp\/v2\/users\/1"}],"replies":[{"embeddable":true,"href":"http:\/\/www.elenacabrera.com\/weblog3\/wp-json\/wp\/v2\/comments?post=2002002113"}],"version-history":[{"count":2,"href":"http:\/\/www.elenacabrera.com\/weblog3\/wp-json\/wp\/v2\/posts\/2002002113\/revisions"}],"predecessor-version":[{"id":2002002144,"href":"http:\/\/www.elenacabrera.com\/weblog3\/wp-json\/wp\/v2\/posts\/2002002113\/revisions\/2002002144"}],"wp:featuredmedia":[{"embeddable":true,"href":"http:\/\/www.elenacabrera.com\/weblog3\/wp-json\/wp\/v2\/media\/2002002115"}],"wp:attachment":[{"href":"http:\/\/www.elenacabrera.com\/weblog3\/wp-json\/wp\/v2\/media?parent=2002002113"}],"wp:term":[{"taxonomy":"category","embeddable":true,"href":"http:\/\/www.elenacabrera.com\/weblog3\/wp-json\/wp\/v2\/categories?post=2002002113"},{"taxonomy":"post_tag","embeddable":true,"href":"http:\/\/www.elenacabrera.com\/weblog3\/wp-json\/wp\/v2\/tags?post=2002002113"}],"curies":[{"name":"wp","href":"https:\/\/api.w.org\/{rel}","templated":true}]}}