{"id":2002002168,"date":"2017-09-20T19:52:13","date_gmt":"2017-09-20T17:52:13","guid":{"rendered":"http:\/\/www.elenacabrera.com\/weblog\/?p=2002002168"},"modified":"2017-10-08T19:57:42","modified_gmt":"2017-10-08T17:57:42","slug":"pensando-noruega","status":"publish","type":"post","link":"http:\/\/www.elenacabrera.com\/weblog3\/2017\/09\/20\/pensando-noruega\/","title":{"rendered":"Pensando Noruega"},"content":{"rendered":"<p>Nunca he estado en Noruega, pero he escrito esto: <a href=\"http:\/\/blogs.publico.es\/otrasmiradas\/10179\/no-tu-noruega\/\">\u00abNo t\u00fa, Noruega\u00bb<\/a> en P\u00fablico:<\/p>\n<p>Este emocionante 2017 podr\u00eda recordarse como el a\u00f1o que vivimos peligrosamente (las jornadas electorales). La urna, ese tedioso caj\u00f3n que saluda las sociedades democr\u00e1ticas cada varios a\u00f1os, como esa t\u00eda lejana que solo te visita cuando pensabas que te estabas olvidando de ella, se pasea por Europa como lo har\u00eda un adolescente por una convenci\u00f3n friki: imprevisible y euf\u00f3rico.<\/p>\n<p>Este 11 de septiembre le toca a Noruega, una cita que los pa\u00edses del sur vivimos con apasionado desinter\u00e9s y arrebatadora ignorancia. Decir que Noruega se la juega suena muy a frase de 0,60 as\u00ed que, intentando huir un poco de la obviedad, diremos que quien se la juega, en realidad, somos los migrantes.<\/p>\n<p>Los partidos pol\u00edticos noruegos (como en otros lugares) le sacan m\u00e1s rendimiento electoral al eje vertical \u00e9lite \/ oprimidos que al horizontal derecha \/ izquierda, cuando en realidad el que est\u00e1 siendo decisivo (como en otros muchos lugares) es la diagonal antinmigraci\u00f3n \/ acogida. Si el gran tema de este momento hist\u00f3rico es el derecho a la movilidad humana, o la negaci\u00f3n de ese derecho, la posici\u00f3n de un gobierno al respecto dar\u00e1 forma a las normas de esa comunidad y a sus relaciones de vecindad.<\/p>\n<p>Y hablando de vecinas, esa visita frustrada de la ministra de Inmigraci\u00f3n a su colega del pa\u00eds de al lado, Suecia, dice mucho del berenjenal en el que se ha metido Noruega estos cuatro a\u00f1os. Habiendo ganado el Partido Laborista las elecciones de 2013 (como viene haciendo religiosamente desde nada menos que el a\u00f1o 1927), una coalici\u00f3n de la derecha le arrebat\u00f3 la opci\u00f3n de gobernar. El Partido Conservador sell\u00f3 un pacto con el Partido del Progreso, firmes defensores de la antinmigraci\u00f3n. Aparentemente, los Conservadores debieron de firmar ese acuerdo en alguna antesala del infierno pues con su 16,3 por ciento de votos se embols\u00f3 las carteras de ocho ministerios. Y no ocho cualquiera. La ultraderecha decide sobre materias como igualdad, pesca, agricultura, alimentaci\u00f3n, justicia, petr\u00f3leo (la principal fuente de riqueza del pa\u00eds), finanzas, transporte, comunicaciones y, oh sorpresa, inmigraci\u00f3n.<\/p>\n<p>As\u00ed que ah\u00ed tenemos a la ministra de inmigraci\u00f3n, la c\u00e9lebre autora de las declaraciones \u201caqu\u00ed comemos cerdo, bebemos alcohol y mostramos el rostro\u201d, siendo devuelta a su pa\u00eds con cajas destempladas por su hom\u00f3loga sueca (laborista) a finales de agosto, alegando que para discutir seriamente, que s\u00ed, pero que para hacer campa\u00f1a electoral, mira mejor no. Ambos pa\u00edses llevaban meses enzarzados en una guerra de declaraciones a prop\u00f3sito del alarmante descenso de las cifras de asilo en Noruega.<\/p>\n<p>Noruega es un pa\u00eds pr\u00f3spero, igualitario, con poco paro y mucha calidad de vida. Cuando Anders Behring Breivik atent\u00f3 contra un campamento de las Juventudes Socialistas asesinando a 77 personas en 2011, desgarr\u00f3 una sociedad poco o nada acostumbrada a la violencia. Lo que sucedi\u00f3, parec\u00eda impensable en Noruega. Breivik era militante del Partido del Progreso.<\/p>\n<p>Si en algo vienen coincidiendo los sondeos preelectorales es que el Partido Laborista no va hacer la remontada. Una coalici\u00f3n de la derecha parece m\u00e1s fuerte que nunca, aunque el Partido del Centro, que permiti\u00f3 la gobernabilidad de la izquierda en dos mandatos anteriores, puede dar la sorpresa y facilitar un tibio gobierno laborista. Pero, como dec\u00edamos, la pregunta que se hacen hoy los votantes ya no es \u00bfme siento de derechas o de izquierdas? En cada urna resuena el eco de una pregunta m\u00e1s peligrosa: \u00bfestoy con el inmigrante o contra \u00e9l?<\/p>\n","protected":false},"excerpt":{"rendered":"<p>Nunca he estado en Noruega, pero he escrito esto: \u00abNo t\u00fa, Noruega\u00bb en P\u00fablico: Este emocionante 2017 podr\u00eda recordarse como el a\u00f1o que vivimos peligrosamente (las jornadas electorales). La urna, ese tedioso caj\u00f3n que saluda las sociedades democr\u00e1ticas cada varios a\u00f1os, como esa t\u00eda lejana que solo te visita cuando pensabas que te estabas olvidando [&hellip;]<\/p>\n","protected":false},"author":1,"featured_media":2002002169,"comment_status":"closed","ping_status":"closed","sticky":false,"template":"","format":"standard","meta":{"footnotes":""},"categories":[],"tags":[],"class_list":["post-2002002168","post","type-post","status-publish","format-standard","has-post-thumbnail","hentry"],"_links":{"self":[{"href":"http:\/\/www.elenacabrera.com\/weblog3\/wp-json\/wp\/v2\/posts\/2002002168","targetHints":{"allow":["GET"]}}],"collection":[{"href":"http:\/\/www.elenacabrera.com\/weblog3\/wp-json\/wp\/v2\/posts"}],"about":[{"href":"http:\/\/www.elenacabrera.com\/weblog3\/wp-json\/wp\/v2\/types\/post"}],"author":[{"embeddable":true,"href":"http:\/\/www.elenacabrera.com\/weblog3\/wp-json\/wp\/v2\/users\/1"}],"replies":[{"embeddable":true,"href":"http:\/\/www.elenacabrera.com\/weblog3\/wp-json\/wp\/v2\/comments?post=2002002168"}],"version-history":[{"count":1,"href":"http:\/\/www.elenacabrera.com\/weblog3\/wp-json\/wp\/v2\/posts\/2002002168\/revisions"}],"predecessor-version":[{"id":2002002170,"href":"http:\/\/www.elenacabrera.com\/weblog3\/wp-json\/wp\/v2\/posts\/2002002168\/revisions\/2002002170"}],"wp:featuredmedia":[{"embeddable":true,"href":"http:\/\/www.elenacabrera.com\/weblog3\/wp-json\/wp\/v2\/media\/2002002169"}],"wp:attachment":[{"href":"http:\/\/www.elenacabrera.com\/weblog3\/wp-json\/wp\/v2\/media?parent=2002002168"}],"wp:term":[{"taxonomy":"category","embeddable":true,"href":"http:\/\/www.elenacabrera.com\/weblog3\/wp-json\/wp\/v2\/categories?post=2002002168"},{"taxonomy":"post_tag","embeddable":true,"href":"http:\/\/www.elenacabrera.com\/weblog3\/wp-json\/wp\/v2\/tags?post=2002002168"}],"curies":[{"name":"wp","href":"https:\/\/api.w.org\/{rel}","templated":true}]}}