{"id":2002002171,"date":"2017-10-05T19:58:58","date_gmt":"2017-10-05T17:58:58","guid":{"rendered":"http:\/\/www.elenacabrera.com\/weblog\/?p=2002002171"},"modified":"2017-10-08T20:17:10","modified_gmt":"2017-10-08T18:17:10","slug":"hombres-griegos-les-pagan-por-sexo","status":"publish","type":"post","link":"http:\/\/www.elenacabrera.com\/weblog3\/2017\/10\/05\/hombres-griegos-les-pagan-por-sexo\/","title":{"rendered":"Hombres griegos les pagan por sexo"},"content":{"rendered":"<p>No s\u00e9 si os acord\u00e1is pero hace a\u00f1os yo era <a href=\"http:\/\/www.eldiario.es\/autores\/elena_cabrera\/\">una colaboradora de eldiario.es.<\/a> Eran aquellos tiempos de la agon\u00eda, la precariedad, el periodismo <em>freelance<\/em>, la pelea, la visibilidad&#8230; la depresi\u00f3n.<\/p>\n<p>Desde mi trabajo en la <a href=\"http:\/\/www.porcausa.org\">Fundaci\u00f3n porCausa<\/a> como directora de periodismo (un t\u00edtulo que no define exactamente lo que hago, pero bueno) a veces tengo la oportunidad de escribir en otros medios, como lo <a href=\"http:\/\/www.elenacabrera.com\/weblog\/pensando-noruega\/\">del otro d\u00eda en P\u00fablico<\/a>. Y, a veces, <a href=\"http:\/\/www.eldiario.es\/desalambre\/Prostitucion-menores-migrantes-atrapados-Atenas_0_686631743.html\">vuelvo a casa<\/a>.<\/p>\n<p>Esto que os traigo es un art\u00edculo que acompa\u00f1a un video realizado en Atenas por un colaborador de la Fundaci\u00f3n. \u00c9l entrevist\u00f3 a un menor sirio que decide contar en una entrevista en video c\u00f3mo es su vida como refugiado en Grecia: se acuesta con hombres que le pagan (o sea: es explotado sexualmente), compra drogas, consume drogas, vive en campos de refugiados, vive en la la calle, vive en una okupa vive donde le hacen un hueco.<\/p>\n<p>Hay quien ha dudado de la veracidad del relato de este ni\u00f1o. En cambio, que las plazas c\u00e9ntricas de Atenas hay menores sirios y afganos que hacen lo que este ni\u00f1o dice que hace, no se le escapa a nadie que pase por all\u00ed. Podr\u00e1 haber quien no le guste que hablemos de ello. A m\u00ed tampoco me gusta tener que hablar de ello. Ojal\u00e1 pudiera escribir art\u00edculos sobre lo maravillosamente bien que estamos gestionando el asilo en Europa.<\/p>\n<p>Haz clic y lee: <a href=\"http:\/\/www.eldiario.es\/desalambre\/Prostitucion-menores-migrantes-atrapados-Atenas_0_686631743.html\">Menores refugiados explotados sexualmente en Grecia: \u00abNo ten\u00eda otra opci\u00f3n\u00bb<\/a><\/p>\n<p><iframe loading=\"lazy\" src=\"https:\/\/www.youtube.com\/embed\/BvYeE61c-hw\" width=\"560\" height=\"315\" frameborder=\"0\" allowfullscreen=\"allowfullscreen\"><\/iframe><\/p>\n","protected":false},"excerpt":{"rendered":"<p>No s\u00e9 si os acord\u00e1is pero hace a\u00f1os yo era una colaboradora de eldiario.es. Eran aquellos tiempos de la agon\u00eda, la precariedad, el periodismo freelance, la pelea, la visibilidad&#8230; la depresi\u00f3n. Desde mi trabajo en la Fundaci\u00f3n porCausa como directora de periodismo (un t\u00edtulo que no define exactamente lo que hago, pero bueno) a veces [&hellip;]<\/p>\n","protected":false},"author":1,"featured_media":2002002173,"comment_status":"closed","ping_status":"closed","sticky":false,"template":"","format":"standard","meta":{"footnotes":""},"categories":[],"tags":[],"class_list":["post-2002002171","post","type-post","status-publish","format-standard","has-post-thumbnail","hentry"],"_links":{"self":[{"href":"http:\/\/www.elenacabrera.com\/weblog3\/wp-json\/wp\/v2\/posts\/2002002171","targetHints":{"allow":["GET"]}}],"collection":[{"href":"http:\/\/www.elenacabrera.com\/weblog3\/wp-json\/wp\/v2\/posts"}],"about":[{"href":"http:\/\/www.elenacabrera.com\/weblog3\/wp-json\/wp\/v2\/types\/post"}],"author":[{"embeddable":true,"href":"http:\/\/www.elenacabrera.com\/weblog3\/wp-json\/wp\/v2\/users\/1"}],"replies":[{"embeddable":true,"href":"http:\/\/www.elenacabrera.com\/weblog3\/wp-json\/wp\/v2\/comments?post=2002002171"}],"version-history":[{"count":1,"href":"http:\/\/www.elenacabrera.com\/weblog3\/wp-json\/wp\/v2\/posts\/2002002171\/revisions"}],"predecessor-version":[{"id":2002002172,"href":"http:\/\/www.elenacabrera.com\/weblog3\/wp-json\/wp\/v2\/posts\/2002002171\/revisions\/2002002172"}],"wp:featuredmedia":[{"embeddable":true,"href":"http:\/\/www.elenacabrera.com\/weblog3\/wp-json\/wp\/v2\/media\/2002002173"}],"wp:attachment":[{"href":"http:\/\/www.elenacabrera.com\/weblog3\/wp-json\/wp\/v2\/media?parent=2002002171"}],"wp:term":[{"taxonomy":"category","embeddable":true,"href":"http:\/\/www.elenacabrera.com\/weblog3\/wp-json\/wp\/v2\/categories?post=2002002171"},{"taxonomy":"post_tag","embeddable":true,"href":"http:\/\/www.elenacabrera.com\/weblog3\/wp-json\/wp\/v2\/tags?post=2002002171"}],"curies":[{"name":"wp","href":"https:\/\/api.w.org\/{rel}","templated":true}]}}