{"id":2002002174,"date":"2017-09-25T20:19:20","date_gmt":"2017-09-25T18:19:20","guid":{"rendered":"http:\/\/www.elenacabrera.com\/weblog\/?p=2002002174"},"modified":"2017-10-08T20:26:52","modified_gmt":"2017-10-08T18:26:52","slug":"miedo-al-extrano","status":"publish","type":"post","link":"http:\/\/www.elenacabrera.com\/weblog3\/2017\/09\/25\/miedo-al-extrano\/","title":{"rendered":"Miedo al extra\u00f1o"},"content":{"rendered":"<p>He escrito esta tribuna de opini\u00f3n en Vozp\u00f3puli sobre la ultraderecha en Alemania: <a href=\"http:\/\/www.vozpopuli.com\/altavoz\/cronicas\/miedo-otro_0_1064594502.html\">El miedo al otro<\/a>.<\/p>\n<p>\u201cNo somos de derechas ni de izquierdas, somos de lo nuestro\u201d es el mensaje machac\u00f3n de un discurso que no quiere situarse en la ultraderecha, su lugar natural, sino que busca apoyo en una base social que se define en otro eje: el del miedo.<\/p>\n<p>Y est\u00e1 convenciendo. Este discurso apela a la identidad: \u201csomos europeos\u201d; al proteccionismo: \u201cestamos contra la globalizaci\u00f3n\u201d; a la clase: \u201clas \u00e9lites nos oprimen\u201d. Hasta aqu\u00ed, son mensajes que hemos escuchado en la izquierda anticapitalista, por ejemplo. Est\u00e1 claro que tienen una lucha pero \u00bfc\u00f3mo definen al enemigo? Es ah\u00ed donde interviene el miedo al otro: \u201csomos europeos contra nuestro enemigo musulm\u00e1n\u201d, \u201caislamos nuestra cultura frente a la invasi\u00f3n extranjera\u201d, \u201cprotegemos nuestra riqueza de las manos del inmigrante\u201d.<\/p>\n<p>De esta manera, de tuit en tuit, en cada barra de bar, entre clase y clase, este relato avanza, con su brutalidad y su espesura, con sus banderas amarillas y sus l\u00edderes amables.<\/p>\n<p>Las encuestas de cara a las elecciones alemanas del 24 de septiembre prev\u00e9n que el partido Alternativa para Alemania (AfD) doblar\u00e1 su apoyo respecto a 2013. Eso supone contar con el 10 por ciento de los votos, convertirse, quiz\u00e1, en tercera fuerza m\u00e1s votada y, lo que es ma\u015b relevante, entrar por primera vez con asientos en el Bundestag, donde se exige un m\u00ednimo del 5 por ciento.<\/p>\n<p>La socialdemocracia de Martin Schulz no motiva a los alemanes. Merkel sigue contando con respaldo y no se cuestiona su liderazgo. La izquierda crece muy lentamente. Con este panorama, AfD es la opci\u00f3n del voto descontento contra lo establecido, decepcionado, abstencionista, de primeros votantes y transversal: no habr\u00eda pasado del 5 al 10 por ciento previsto si solo les votaran los neonazis y ultraderechistas germanos.<\/p>\n<p>Si hay hay un tema capital y sin fisuras en el discurso de AfD es su postura sobre la inmigraci\u00f3n: un no rotundo. Alemania es el pa\u00eds europeo m\u00e1s expuesto a la llegada de solicitantes de asilo. En los dos \u00faltimos a\u00f1os han acogido a m\u00e1s de un mill\u00f3n de personas, pero el discurso antinmigraci\u00f3n ha calado transversalmente en la sociedad y en los partidos. Desde la inicial euforia de la Wilkommenskultur (cultura de acogida) se pas\u00f3 a una cierta decepci\u00f3n, intoxicada por las campa\u00f1as xen\u00f3fobas que relacionaban a refugiados con violencia sexual, un tema clave que utilizan blogs, medios y redes sociales para voltear la opini\u00f3n p\u00fablica.<\/p>\n<p>El uso de los bulos y las noticias falsas para generar un estado de opini\u00f3n contra la inmigraci\u00f3n en Alemania tuvo su momento m\u00e1s representativo en los incidentes del 1 de enero de 2016, en la celebraci\u00f3n del fin de a\u00f1o en Colonia. Una campa\u00f1a masiva de desinformaci\u00f3n responsabiliz\u00f3 a grupos organizados de solicitantes de asilo de agresiones sexuales, masivas, a mujeres. La propia Polic\u00eda y el Gobierno, que hab\u00edan alimentado la sospecha, tuvieron que reconocer que tan solo tres de los agresores hab\u00edan hecho esa solicitud (dos sirios y un iraqu\u00ed). Adem\u00e1s, de las 1.054 denuncias recibidas, 600 estaban vinculadas \u00fanicamente con robos y no con abusos sexuales. Pero el da\u00f1o ya estaba hecho y se desat\u00f3 una ola xen\u00f3foba y contraria a la pol\u00edtica de la canciller Merkel.<\/p>\n<p>AfD, por supuesto, se alimenta de todo esto y lo fomenta, encabezando una fuerte campa\u00f1a que identifica Islam con terrorismo, y apela, evidentemente, al miedo.<\/p>\n","protected":false},"excerpt":{"rendered":"<p>He escrito esta tribuna de opini\u00f3n en Vozp\u00f3puli sobre la ultraderecha en Alemania: El miedo al otro. \u201cNo somos de derechas ni de izquierdas, somos de lo nuestro\u201d es el mensaje machac\u00f3n de un discurso que no quiere situarse en la ultraderecha, su lugar natural, sino que busca apoyo en una base social que se [&hellip;]<\/p>\n","protected":false},"author":1,"featured_media":2002002176,"comment_status":"closed","ping_status":"closed","sticky":false,"template":"","format":"standard","meta":{"footnotes":""},"categories":[],"tags":[],"class_list":["post-2002002174","post","type-post","status-publish","format-standard","has-post-thumbnail","hentry"],"_links":{"self":[{"href":"http:\/\/www.elenacabrera.com\/weblog3\/wp-json\/wp\/v2\/posts\/2002002174","targetHints":{"allow":["GET"]}}],"collection":[{"href":"http:\/\/www.elenacabrera.com\/weblog3\/wp-json\/wp\/v2\/posts"}],"about":[{"href":"http:\/\/www.elenacabrera.com\/weblog3\/wp-json\/wp\/v2\/types\/post"}],"author":[{"embeddable":true,"href":"http:\/\/www.elenacabrera.com\/weblog3\/wp-json\/wp\/v2\/users\/1"}],"replies":[{"embeddable":true,"href":"http:\/\/www.elenacabrera.com\/weblog3\/wp-json\/wp\/v2\/comments?post=2002002174"}],"version-history":[{"count":1,"href":"http:\/\/www.elenacabrera.com\/weblog3\/wp-json\/wp\/v2\/posts\/2002002174\/revisions"}],"predecessor-version":[{"id":2002002175,"href":"http:\/\/www.elenacabrera.com\/weblog3\/wp-json\/wp\/v2\/posts\/2002002174\/revisions\/2002002175"}],"wp:featuredmedia":[{"embeddable":true,"href":"http:\/\/www.elenacabrera.com\/weblog3\/wp-json\/wp\/v2\/media\/2002002176"}],"wp:attachment":[{"href":"http:\/\/www.elenacabrera.com\/weblog3\/wp-json\/wp\/v2\/media?parent=2002002174"}],"wp:term":[{"taxonomy":"category","embeddable":true,"href":"http:\/\/www.elenacabrera.com\/weblog3\/wp-json\/wp\/v2\/categories?post=2002002174"},{"taxonomy":"post_tag","embeddable":true,"href":"http:\/\/www.elenacabrera.com\/weblog3\/wp-json\/wp\/v2\/tags?post=2002002174"}],"curies":[{"name":"wp","href":"https:\/\/api.w.org\/{rel}","templated":true}]}}