{"id":2002002208,"date":"2018-01-14T16:30:22","date_gmt":"2018-01-14T14:30:22","guid":{"rendered":"http:\/\/www.elenacabrera.com\/weblog\/?p=2002002208"},"modified":"2018-01-14T16:30:22","modified_gmt":"2018-01-14T14:30:22","slug":"la-muerte-de-un-diario-achica-el-mundo","status":"publish","type":"post","link":"http:\/\/www.elenacabrera.com\/weblog3\/2018\/01\/14\/la-muerte-de-un-diario-achica-el-mundo\/","title":{"rendered":"La muerte de un diario achica el mundo"},"content":{"rendered":"<p>Cuando estaba estudiando periodismo en la facultad, el 4 de octubre de 1993, unos periodistas del diario Ya vinieron a nuestra clase. Nos hablaron de la historia del peri\u00f3dico durante los anteriores 58 a\u00f1os y de lo que era el tema en aquel momento: el peri\u00f3dico estaba en suspensi\u00f3n de pagos. Vinieron a la clase de Redacci\u00f3n Period\u00edstica I (que nos daba Jos\u00e9 Luis Mart\u00ednez Albertos) a tirar flotadores mientras se hund\u00eda el Titanic, o al menos as\u00ed lo recuerdo.<\/p>\n<p>All\u00ed estaban, en la tarima del profesor, el director Rogelio Rodr\u00edguez (quien a\u00f1os despu\u00e9s ser\u00eda director de Colpisa y <a href=\"http:\/\/www.europapress.es\/nacional\/noticia-periodista-rogelio-rodriguez-nuevo-director-comunicacion-ministerio-justicia-20090226192906.html\">dircom del Ministerio de Justicia<\/a>), el exdirector Alejandro Fern\u00e1ndez Pombo (que <a href=\"https:\/\/elpais.com\/sociedad\/2013\/07\/14\/actualidad\/1373758455_549134.html\">muri\u00f3 en 2013 a los 83 a\u00f1os<\/a> tras haber dirigido tambi\u00e9n la Asociaci\u00f3n de la Prensa de Madrid) y dos miembros del Comit\u00e9 de Empresa: el presidente, Miguel Revuelta, y el secretario, Fernando Ruiz. S\u00e9 tantos detalles porque hasta hoy he conservado mis notas de aquel d\u00eda as\u00ed como algunos recortes.<\/p>\n<p><a href=\"http:\/\/www.elenacabrera.com\/weblog\/wp-content\/uploads\/Columna-Ya-octubre-1993.jpg\"><img loading=\"lazy\" decoding=\"async\" class=\"size-medium wp-image-2002002212 alignleft\" src=\"http:\/\/www.elenacabrera.com\/weblog\/wp-content\/uploads\/Columna-Ya-octubre-1993-91x300.jpg\" alt=\"\" width=\"91\" height=\"300\" srcset=\"http:\/\/www.elenacabrera.com\/weblog3\/wp-content\/uploads\/Columna-Ya-octubre-1993-91x300.jpg 91w, http:\/\/www.elenacabrera.com\/weblog3\/wp-content\/uploads\/Columna-Ya-octubre-1993-768x2523.jpg 768w, http:\/\/www.elenacabrera.com\/weblog3\/wp-content\/uploads\/Columna-Ya-octubre-1993-312x1024.jpg 312w, http:\/\/www.elenacabrera.com\/weblog3\/wp-content\/uploads\/Columna-Ya-octubre-1993.jpg 940w\" sizes=\"auto, (max-width: 91px) 100vw, 91px\" \/><\/a><\/p>\n<p>Fern\u00e1ndez Pombo hizo de abuelo cebolleta, ya en aquel momento, recordando que el Ya hab\u00eda surgido del diario cat\u00f3lico <a href=\"https:\/\/es.wikipedia.org\/wiki\/El_Debate\">El Debate<\/a>, el cual hab\u00eda sido dirigido por el periodista-cardenal Herrera Oria. El Debate era \u00abdemasiado pol\u00edtico\u00bb \u2014nos dijeron\u2014 y de ah\u00ed surge Ya como \u00abun peri\u00f3dico para todo el mundo\u00bb, con especial atenci\u00f3n a los deportes y al cine. Una disposici\u00f3n del Gobierno impide que se puedan hacer los dos peri\u00f3dicos a la vez, as\u00ed que la Editorial Cat\u00f3lica, propietaria de ambos, decide cerrar El Debate y quedarse con el peri\u00f3dico de la tarde \u2014sal\u00eda a las ocho\u2014, que pronto pasar\u00eda a salir por la ma\u00f1ana.<\/p>\n<p>Nos habl\u00f3 tambi\u00e9n Fern\u00e1ndez Pombo de c\u00f3mo el Ya era un peri\u00f3dico, que dentro de su posici\u00f3n conservadora y cat\u00f3lica, hac\u00edan cosas arriesgadas, como mandar a corresponsales durante la Segunda Guerra Mundial para cubrir la versi\u00f3n de los aliados, tomar partido por el Concilio Vaticano II o ser el primer peri\u00f3dico que dej\u00f3 de llamar \u00abCaudillo\u00bb a Franco.<\/p>\n<p>En aquel momento el Comit\u00e9 de Empresa estaba en pie de guerra para impedir la desaparici\u00f3n de este diario fundado en 1935. Y eso significaba no solo ir a la facultad a dar charlas sino, lo que me parec\u00eda subversivo, entonces y ahora, ser capaces de colar mensajes en las propias hojas del diario. \u00abes la primera vez que un medio de comunicaci\u00f3n pretende destruir a otro\u00bb, dijo Miguel Revuelta, seg\u00fan recogi\u00f3 la noticia de aquella visita el 5 de noviembre de 1993 en el propio diario Ya. Las dagas iban contra Antonio Asensio.<\/p>\n<p>Javier de God\u00f3, presidente de Antena 3, hab\u00eda comprado el peri\u00f3dico dos a\u00f1os atr\u00e1s, pero en 1992 Antonio Asensio (Grupo Zeta) se convirti\u00f3 en presidente del canal y le meti\u00f3 una reforma radical con el objeto de modernizarla, quitarle caspa (aunque \u00e9l le pondr\u00eda otro tipo de caspa) y rentabilizarla. Antena 3 quer\u00eda un grupo multimedia y por eso hab\u00eda comprado, barato, el Ya. Pero Aensio lo vendi\u00f3 a\u00fan m\u00e1s barato: por una peseta a los mexicanos. Nuestros visitantes estaban muy dolidos por ello. Fue Editoriales del Sur, el grupo de m\u00e9xico, el que decidi\u00f3 la suspensi\u00f3n de pagos.<\/p>\n<p><a href=\"http:\/\/www.elenacabrera.com\/weblog\/wp-content\/uploads\/Columna-Ya-noviembre-1993-recorte.jpg\"><img loading=\"lazy\" decoding=\"async\" class=\"size-medium wp-image-2002002214 alignright\" src=\"http:\/\/www.elenacabrera.com\/weblog\/wp-content\/uploads\/Columna-Ya-noviembre-1993-recorte-74x300.jpg\" alt=\"\" width=\"74\" height=\"300\" srcset=\"http:\/\/www.elenacabrera.com\/weblog3\/wp-content\/uploads\/Columna-Ya-noviembre-1993-recorte-74x300.jpg 74w, http:\/\/www.elenacabrera.com\/weblog3\/wp-content\/uploads\/Columna-Ya-noviembre-1993-recorte-252x1024.jpg 252w, http:\/\/www.elenacabrera.com\/weblog3\/wp-content\/uploads\/Columna-Ya-noviembre-1993-recorte.jpg 438w\" sizes=\"auto, (max-width: 74px) 100vw, 74px\" \/><\/a>Aunque no cobraban, os trabjadores del diario segu\u00edan yendo a trabajar y sacaban el peri\u00f3dico cada d\u00eda porque, como nos dec\u00edan \u00ablo consideraban viable\u00bb. El escenario que nos describieron era de \u00abtoma del peri\u00f3dico\u00bb. La empresa lo estaba dejando morir con la idea de desmantelarlo, de manera que la direcci\u00f3n y los trabajadores se ocupan de \u00e9l, y por eso aparec\u00edan esas columnas en la contraportada que eran pura lucha sindical. Dijeron que quer\u00edan ponerle una \u00abquerella criminal\u00bb a Asensio y que con el dinero de las ventas y la publicidad pod\u00edan pagar el papel y la luz para seguir adelante. Se despidieron pidi\u00e9ndonos que nos afiliaramos a un sindicato y que compr\u00e1ramos el Ya todos los d\u00edas.<\/p>\n<p>He olvidado casi todo lo que me ense\u00f1aron en la carrera (exagero, pero) pero se me qued\u00f3 enganchado a la memoria algo que qued\u00f3 en el aire cuando los compa\u00f1eros del Ya se fueron: que la cosa estaba chunga y que lo estar\u00eda a\u00fan m\u00e1s para nosotros, pero que el periodismo era tambi\u00e9n, o era sobre todo, pelearse contra los propietarios y resistir cada d\u00eda haciendo tu trabajo lo mejor que sepas. Las sillas no son para siempre. Ni los peri\u00f3dicos. Posteriormente me lleg\u00f3 una clase pr\u00e1ctica de esto mismo. En la hoja me apunt\u00e9 un entrecomillado m\u00e1s: \u00abun contrato no debe ser la mordaza de un comunicador\u00bb.<\/p>\n<p><iframe loading=\"lazy\" style=\"border: 1px solid #EAE9EA; border-width: 1px; margin-bottom: 5px; max-width: 100%; background: #fff;\" src=\"https:\/\/www.hashdoc.com\/documents\/652546\/embed\" width=\"728\" height=\"600\" frameborder=\"0\" marginwidth=\"0\" marginheight=\"0\" scrolling=\"no\"><\/iframe><\/p>\n","protected":false},"excerpt":{"rendered":"<p>Cuando estaba estudiando periodismo en la facultad, el 4 de octubre de 1993, unos periodistas del diario Ya vinieron a nuestra clase. Nos hablaron de la historia del peri\u00f3dico durante los anteriores 58 a\u00f1os y de lo que era el tema en aquel momento: el peri\u00f3dico estaba en suspensi\u00f3n de pagos. Vinieron a la clase [&hellip;]<\/p>\n","protected":false},"author":1,"featured_media":2002002209,"comment_status":"closed","ping_status":"closed","sticky":false,"template":"","format":"standard","meta":{"footnotes":""},"categories":[2],"tags":[],"class_list":["post-2002002208","post","type-post","status-publish","format-standard","has-post-thumbnail","hentry","category-twentytwentyfive"],"_links":{"self":[{"href":"http:\/\/www.elenacabrera.com\/weblog3\/wp-json\/wp\/v2\/posts\/2002002208","targetHints":{"allow":["GET"]}}],"collection":[{"href":"http:\/\/www.elenacabrera.com\/weblog3\/wp-json\/wp\/v2\/posts"}],"about":[{"href":"http:\/\/www.elenacabrera.com\/weblog3\/wp-json\/wp\/v2\/types\/post"}],"author":[{"embeddable":true,"href":"http:\/\/www.elenacabrera.com\/weblog3\/wp-json\/wp\/v2\/users\/1"}],"replies":[{"embeddable":true,"href":"http:\/\/www.elenacabrera.com\/weblog3\/wp-json\/wp\/v2\/comments?post=2002002208"}],"version-history":[{"count":4,"href":"http:\/\/www.elenacabrera.com\/weblog3\/wp-json\/wp\/v2\/posts\/2002002208\/revisions"}],"predecessor-version":[{"id":2002002216,"href":"http:\/\/www.elenacabrera.com\/weblog3\/wp-json\/wp\/v2\/posts\/2002002208\/revisions\/2002002216"}],"wp:featuredmedia":[{"embeddable":true,"href":"http:\/\/www.elenacabrera.com\/weblog3\/wp-json\/wp\/v2\/media\/2002002209"}],"wp:attachment":[{"href":"http:\/\/www.elenacabrera.com\/weblog3\/wp-json\/wp\/v2\/media?parent=2002002208"}],"wp:term":[{"taxonomy":"category","embeddable":true,"href":"http:\/\/www.elenacabrera.com\/weblog3\/wp-json\/wp\/v2\/categories?post=2002002208"},{"taxonomy":"post_tag","embeddable":true,"href":"http:\/\/www.elenacabrera.com\/weblog3\/wp-json\/wp\/v2\/tags?post=2002002208"}],"curies":[{"name":"wp","href":"https:\/\/api.w.org\/{rel}","templated":true}]}}