{"id":2002002244,"date":"2018-07-11T21:36:57","date_gmt":"2018-07-11T19:36:57","guid":{"rendered":"http:\/\/www.elenacabrera.com\/weblog\/?p=2002002244"},"modified":"2018-09-24T01:11:34","modified_gmt":"2018-09-23T23:11:34","slug":"vindicacion","status":"publish","type":"post","link":"http:\/\/www.elenacabrera.com\/weblog3\/2018\/07\/11\/vindicacion\/","title":{"rendered":"Vindicaci\u00f3n"},"content":{"rendered":"<p>Al buscar en internet a Francisco Tello Tortajada, salvo <a href=\"http:\/\/www.fpabloiglesias.es\/archivo-y-biblioteca\/diccionario-biografico\/biografias\/5030_tello-tortajada-francisco\">la ficha del siempre \u00fatil diccionario biogr\u00e1fico de la Fundaci\u00f3n Pablo Iglesias<\/a>, el resto de resultados es una abrumadora lista de enlaces que llevan a blogs y p\u00e1ginas falangistas y franquistas que repican la misma historia, los mismos datos, la misma toxicidad.<\/p>\n<p>No obstante, la biograf\u00eda que aporta la fundaci\u00f3n socialista no soluciona mis dudas sobre la historia que cuentan las decenas de enlaces que hablan del asesino de Mat\u00edas Montero, que es el verdadero h\u00e9roe para la ultraderecha. Ilusionada, descubro que uno de los resultados lleva a un \u00abforocomunista\u00bb, donde alguien, quiz\u00e1 tan confundido como yo, pide que le hablen sobre qui\u00e9n fue Mat\u00edas Montero. Para nuestra desilusi\u00f3n, la \u00fanica respuesta la aporta un usuario con foto de Ramiro Ledesma en el perfil, que copia y pega el mismo perfil biogr\u00e1fico que f\u00e1cilmente podemos encontrar en todas esas webs falangistas.<\/p>\n<figure id=\"attachment_2002002301\" aria-describedby=\"caption-attachment-2002002301\" style=\"width: 1242px\" class=\"wp-caption aligncenter\"><img loading=\"lazy\" decoding=\"async\" class=\"size-full wp-image-2002002301\" src=\"http:\/\/www.elenacabrera.com\/weblog\/wp-content\/uploads\/franciscotello.png\" alt=\"Ahora (Madrid). 10\/2\/1934, p\u00e1gina 13. \" width=\"1242\" height=\"788\" srcset=\"http:\/\/www.elenacabrera.com\/weblog3\/wp-content\/uploads\/franciscotello.png 1242w, http:\/\/www.elenacabrera.com\/weblog3\/wp-content\/uploads\/franciscotello-300x190.png 300w, http:\/\/www.elenacabrera.com\/weblog3\/wp-content\/uploads\/franciscotello-768x487.png 768w, http:\/\/www.elenacabrera.com\/weblog3\/wp-content\/uploads\/franciscotello-1024x650.png 1024w\" sizes=\"auto, (max-width: 1242px) 100vw, 1242px\" \/><figcaption id=\"caption-attachment-2002002301\" class=\"wp-caption-text\">Ahora (Madrid). 10\/2\/1934, p\u00e1gina 13.<\/figcaption><\/figure>\n<p>Francisco Tello Torjada fue acusado y condenado de matar al estudiante de medicina Mat\u00edas Montero en el a\u00f1o 34. Montero era falangista y hab\u00eda participado en la fundaci\u00f3n del sindicato universitario de la Falange (SEU). El d\u00eda que le asesinaron hab\u00eda salido a la calle a vender ejemplares de la revista FE, como hac\u00edan tantos cachorros joseantonianos en el Madrid anterior a la guerra. En el juicio, la defensa de la acusaci\u00f3n particular la llev\u00f3 Jos\u00e9 Antonio Primo de Rivera. El dato que m\u00e1s me preocupa es el que en todos estos textos se asegura que Tello pertenec\u00eda a un grupo terrorista llamado Vindicaci\u00f3n, dirigido por Santiago Carrillo. Al parecer, este dato aflor\u00f3 en el juicio, seg\u00fan dicen.<\/p>\n<p>La primera vez que he o\u00eddo hablar de Vindicaci\u00f3n, Tello y Montero ha sido esta ma\u00f1ana. Estaba viendo un programa de televisi\u00f3n que hacen unos falangistas, dedicado especialmente a la pol\u00edtica de memoria hist\u00f3rica del Gobierno de Pedro S\u00e1nchez. Ya&#8230; es que los que piensan como yo ya s\u00e9 lo que piensan, por lo que conviene tambi\u00e9n saber qu\u00e9 piensan <em>ellos<\/em>. El programa, como todo discurso falangista, est\u00e1 trufado de falsedades hist\u00f3ricas e ideas pol\u00edticas que pretenden hacer pasar por hechos hist\u00f3ricos; un cl\u00e1sico facha al que ya deber\u00edamos estar acostumbrados, pero que a m\u00ed me sigue fascinando y ulcerando al mismo tiempo.<\/p>\n<p><iframe loading=\"lazy\" src=\"https:\/\/www.youtube.com\/embed\/dOSqs1yKt0k\" width=\"560\" height=\"315\" frameborder=\"0\" allowfullscreen=\"allowfullscreen\"><\/iframe><\/p>\n<p>Lo que no suelen contar esas hagiograf\u00edas (porque a Montero lo convirtieron si no en santo al menos el m\u00e1rtir, haciendo del d\u00eda de su muerte el homenajeado y no lectivo 9 de febrero D\u00eda del Estudiante Ca\u00eddo, como podemos ver en este video del NO-DO) es que un mes antes el estudiante hab\u00eda participado en el asalto al local de la asociaci\u00f3n estudiantil rival, de car\u00e1cter socialista, y en la que \u00e9l mismo hab\u00eda militado anteriormente, el FUE. En ella hab\u00edan agredido a varios de sus miembros, como recoge Juli\u00e1n Casanova. Recuerdo esto porque a los del discurso falangista les gusta fijar un marco de referencia en el que existen \u00abdos bandos\u00bb y que \u00aben ambos se convirtieron asesinatos\u00bb, retorciendo la historia con una equidistancia irreal donde el conflicto estalla porque la derecha se tiene que defender de los ataques de la izquierda.<\/p>\n<p><em>(Actualizaci\u00f3n del 23\/9\/2018)<\/em>. Leyendo una <a href=\"http:\/\/hemerotecadigital.bne.es\/issue.vm?id=0001049821&amp;page=14&amp;search=%22Francisco+Tello+Tortajada%22&amp;lang=es\">noticia sobre esta causa<\/a> en el Heraldo de Madrid del 19 de febrero de 1934, me impresiona mucho algo que recoge el periodista y que sucedi\u00f3 en la sala del juicio. El presidente del tribunal le pregunta a Tello, justo antes de la deliberaci\u00f3n, si tiene algo m\u00e1s que a\u00f1adir. Este dice que s\u00ed, que niega que, como se ha dicho, se guarden armas en la Casa del Pueblo. Alguien en la sala alza la voz en su apoyo. Y, entonces, Tello quiere a\u00f1adir algo: \u00abAdem\u00e1s \u2014dice\u2014 <strong>lo que pasa es que fuera de aqu\u00ed todo est\u00e1 hundido<\/strong>&#8230;\u00bb. El presidente interviene en\u00e9rgicamente, dice la cr\u00f3nica, retirando la palabra al procesado y declarando la causa vista para sentencia. Le cayeron 21 a\u00f1os, seis meses y 21 d\u00edas por asesinato.<\/p>\n<p>Que existiera un grupo organizado de pistoleros de la UGT llamado Vindicaci\u00f3n (nombraco, por otro lado) a cuyo \u00abcomando Madrid\u00bb pertenecieran Tello, Francisco Mellado, \u00c1ngel Tejera, Vicente P\u00e9rez, Felipe G\u00f3mez \u00a1y hasta Santiago Carrillo como l\u00edder del grup\u00fasculo! solo lo cuentan las fuentes falangistas, para quienes Vindicaci\u00f3n es un antecedente de los GAL.<\/p>\n<p>\u00bfExisti\u00f3 realmente o es un <em>invent<\/em> falangista?<\/p>\n","protected":false},"excerpt":{"rendered":"<p>Al buscar en internet a Francisco Tello Tortajada, salvo la ficha del siempre \u00fatil diccionario biogr\u00e1fico de la Fundaci\u00f3n Pablo Iglesias, el resto de resultados es una abrumadora lista de enlaces que llevan a blogs y p\u00e1ginas falangistas y franquistas que repican la misma historia, los mismos datos, la misma toxicidad. No obstante, la biograf\u00eda [&hellip;]<\/p>\n","protected":false},"author":1,"featured_media":2002002247,"comment_status":"closed","ping_status":"closed","sticky":false,"template":"","format":"standard","meta":{"footnotes":""},"categories":[],"tags":[],"class_list":["post-2002002244","post","type-post","status-publish","format-standard","has-post-thumbnail","hentry"],"_links":{"self":[{"href":"http:\/\/www.elenacabrera.com\/weblog3\/wp-json\/wp\/v2\/posts\/2002002244","targetHints":{"allow":["GET"]}}],"collection":[{"href":"http:\/\/www.elenacabrera.com\/weblog3\/wp-json\/wp\/v2\/posts"}],"about":[{"href":"http:\/\/www.elenacabrera.com\/weblog3\/wp-json\/wp\/v2\/types\/post"}],"author":[{"embeddable":true,"href":"http:\/\/www.elenacabrera.com\/weblog3\/wp-json\/wp\/v2\/users\/1"}],"replies":[{"embeddable":true,"href":"http:\/\/www.elenacabrera.com\/weblog3\/wp-json\/wp\/v2\/comments?post=2002002244"}],"version-history":[{"count":8,"href":"http:\/\/www.elenacabrera.com\/weblog3\/wp-json\/wp\/v2\/posts\/2002002244\/revisions"}],"predecessor-version":[{"id":2002002304,"href":"http:\/\/www.elenacabrera.com\/weblog3\/wp-json\/wp\/v2\/posts\/2002002244\/revisions\/2002002304"}],"wp:featuredmedia":[{"embeddable":true,"href":"http:\/\/www.elenacabrera.com\/weblog3\/wp-json\/wp\/v2\/media\/2002002247"}],"wp:attachment":[{"href":"http:\/\/www.elenacabrera.com\/weblog3\/wp-json\/wp\/v2\/media?parent=2002002244"}],"wp:term":[{"taxonomy":"category","embeddable":true,"href":"http:\/\/www.elenacabrera.com\/weblog3\/wp-json\/wp\/v2\/categories?post=2002002244"},{"taxonomy":"post_tag","embeddable":true,"href":"http:\/\/www.elenacabrera.com\/weblog3\/wp-json\/wp\/v2\/tags?post=2002002244"}],"curies":[{"name":"wp","href":"https:\/\/api.w.org\/{rel}","templated":true}]}}