{"id":2002002265,"date":"2018-08-29T19:51:12","date_gmt":"2018-08-29T17:51:12","guid":{"rendered":"http:\/\/www.elenacabrera.com\/weblog\/?p=2002002265"},"modified":"2018-08-29T20:26:31","modified_gmt":"2018-08-29T18:26:31","slug":"1994-2","status":"publish","type":"post","link":"http:\/\/www.elenacabrera.com\/weblog3\/2018\/08\/29\/1994-2\/","title":{"rendered":"1994"},"content":{"rendered":"<p>Mar\u00eda N\u00fa\u00f1ez est\u00e1 haciendo un TFG muy interesante sobre periodismo, del cual creo que no deber\u00eda, o no me corresponde, contar gran cosa; aunque me gustar\u00eda. Me pidi\u00f3 que le contestara unas preguntas sobre los estudios de periodismo, cosa que hice ayer con mucha ilusi\u00f3n. No solo es un tema sobre el que (\u00a1ya iba siendo hora!) tengo opiniones bastante solidas (u opiniones, que ya es algo) sino porque, en verdad, me encanta que me entrevisten. Es, le dije Mar\u00eda, como cuando un fisioterapeuta recibe al fin un masaje.<\/p>\n<p>Las preguntas de Mar\u00eda me llevaron a 1993 y 94, sobre todo cuando rebobin\u00e9 en mi memoria para acordarme del primer d\u00eda de facultad. Hoy he abierto una caja de cuadernos, buscando algo que no he encontrado, y he visto una peque\u00f1a agenda del a\u00f1o 1994. Es una m\u00e1quina del tiempo. Leyendo las citas puedo reconstruir c\u00f3mo era mi vida entonces.<\/p>\n<p>Comienza el curso tras las vacaciones de Navidad sin clases de Pensamiento Pol\u00edtico (madrugo menos). El domingo 12 se graba en Telemadrid el programa \u00ab\u00bfY t\u00fa de qu\u00e9 vas?\u00bb en el que participo (pero no hablo) y, la verdad, es que no recuerdo de qu\u00e9 iba yo, qu\u00e9 tribu urbana representaba. S\u00ed recuerdo que fui con amigos. Y que hubo uno m\u00edtico con gente madrile\u00f1a de la escena g\u00f3tica. Al d\u00eda siguiente tengo que asistir a una reuni\u00f3n de la Plataforma en Defensa de la Radiotelevisi\u00f3n P\u00fablica (de la cual ya he hablado por aqu\u00ed o por Twitter). Soy representante de alumnos que estudian Periodismo. Voy junto al profesor Jos\u00e9 Luis Pi\u00f1uel Raigada, que me da Teor\u00eda de la Comunicaci\u00f3n (hay examen el 20 de enero). La reuni\u00f3n tiene lugar en la calle Monte Esquinza a las 18:30. Forman parte de la la plataforma Forges, Teresa Aranguren, Jos\u00e9 Manuel Mart\u00edn Medem y algunas personas m\u00e1s que no recuerdo.<\/p>\n<p>El martes voy al Ateneo a una conferencia sobre los planes de estudio en la Universidad. No sab\u00eda lo importante que ser\u00eda este tema para mi futuro (el cambio de planes har\u00eda saltar por los aires mi carrera universitaria tres a\u00f1os despu\u00e9s; es curioso que ya se anticipa aqu\u00ed, en mi primer a\u00f1o de facultad). Tambi\u00e9n asisto, o al menos lo tengo previsto, a una reuni\u00f3n de la comisi\u00f3n de mujeres en la asociaci\u00f3n Informaci\u00f3n y Libertad, en mi facultad. El s\u00e1bado de esa ajetreada semana tengo, como habitualmente, asamblea en Radio Carcoma a las siete de la tarde. El domingo aparece apuntado un programa de Carcoma al que deb\u00eda ir (Sunday Blues) y el nombre de Mart\u00edn Medem.<\/p>\n<p><img loading=\"lazy\" decoding=\"async\" class=\"aligncenter wp-image-2002002268 size-full\" src=\"http:\/\/www.elenacabrera.com\/weblog\/wp-content\/uploads\/20180829_194204.jpg\" alt=\"\" width=\"1200\" height=\"675\" srcset=\"http:\/\/www.elenacabrera.com\/weblog3\/wp-content\/uploads\/20180829_194204.jpg 1200w, http:\/\/www.elenacabrera.com\/weblog3\/wp-content\/uploads\/20180829_194204-300x169.jpg 300w, http:\/\/www.elenacabrera.com\/weblog3\/wp-content\/uploads\/20180829_194204-768x432.jpg 768w, http:\/\/www.elenacabrera.com\/weblog3\/wp-content\/uploads\/20180829_194204-1024x576.jpg 1024w\" sizes=\"auto, (max-width: 1200px) 100vw, 1200px\" \/><\/p>\n<p>A la semana siguiente se repiten anotaciones en relaci\u00f3n a la Plataforma (en esta ocasi\u00f3n la reuni\u00f3n ser\u00e1 en Prado del Rey) y a recordatorios que he de hacerle al profesor Pi\u00f1uel. Hay muchos eventos en el Ateneo (me pasaba all\u00ed media vida), alguna pel\u00edcula en la Filmoteca, el inicio de las clases de guitarra cl\u00e1sica los viernes a las cinco de la tarde y algo importante: una cita con Fernando M\u00e1rquez El Zurdo para llevarle a mi programa de radio el martes 18 de enero por la tarde. A comienzo de curso encontr\u00e9 unos carteles rojos pegados en la facultad que anunciaban un fanzine llamado <a href=\"http:\/\/www.shadowline1.com\/lineadesombra\/cor.htm\">El coraz\u00f3n del bosque<\/a>. Hab\u00eda un apartado de correos. Escrib\u00ed. El resto est\u00e1 contado en otro sitio y no quiero volver a ello.<\/p>\n<p>Encuentros en la cafeter\u00eda de la facultad, casi siempre para temas de mi programa de radio, pelis en la filmo, una <a href=\"https:\/\/www.elblogsalmon.com\/mundo-laboral\/huelga-general-de-1994-27e-por-la-reforma-laboral\">huelga general el 27 de enero contra la reforma laboral<\/a> que supongo que cubrir\u00edamos en la radio, visitas al ginec\u00f3logo (tengo 18 a\u00f1os), guitarra (1.400 pesetas al mes), Plataforma, asambleas y comisiones, ex\u00e1menes (parcial de Historia, 19 de febrero, aula 532), citas en la parroquia, conciertos los s\u00e1bados en la Fundaci\u00f3n March (de aquella me gustaba hacer cosas un poco pedantes y que resonaran a antiguas, donde hubiera se\u00f1oras y nadie me conociera, como en la Fundaci\u00f3n March, en la Residencia de Estudiantes o en el Ateneo de Madrid).<\/p>\n<p>Visitas rese\u00f1ables: el 23 de febrero, a las 11 de la ma\u00f1ana, vino Juan Luis Cebri\u00e1n a la facultad. Supongo que lo recibimos con alfombra de terciopelo y aclamaci\u00f3n en los pasillos. Lo que s\u00ed recuerdo bien (o mejor) fue que Lolo Rico vino a la clase de Teor\u00eda de la Comunicaci\u00f3n el viernes 15 de abril. Una semana despu\u00e9s volver\u00eda a verla en el Ateneo.<\/p>\n<p>Como muchos otros cuadernos en mi vida, las anotaciones pierden fuelle seg\u00fan avanza el a\u00f1o, pero m\u00e1s o menos todo discurre parecido, creo recordar: ex\u00e1menes que saco con notas mediocres, me voy recuperando del abandono que me ha hecho mi novio y lo hago volc\u00e1ndome en la radio, en las asambleas de todo tipo, en las lecturas, los peri\u00f3dicos y las tardes en el Ateneo. Descubro la escena musical emergente de pop independiente y me sumerjo en ella entusiasmada. No hago amigos en la facultad pero s\u00ed fuera de ella: en los fanzines, en los conciertos, en la noche. Voy al Maravillas. Me meto en una relaci\u00f3n muy rara de la que salgo atropelladamente. Conozco a un chico fascinante que vive lejos. Todo el mundo me presta discos y escucho m\u00fasica a todas horas. No me extra\u00f1a que no estudiara nada.<\/p>\n","protected":false},"excerpt":{"rendered":"<p>Mar\u00eda N\u00fa\u00f1ez est\u00e1 haciendo un TFG muy interesante sobre periodismo, del cual creo que no deber\u00eda, o no me corresponde, contar gran cosa; aunque me gustar\u00eda. Me pidi\u00f3 que le contestara unas preguntas sobre los estudios de periodismo, cosa que hice ayer con mucha ilusi\u00f3n. No solo es un tema sobre el que (\u00a1ya iba [&hellip;]<\/p>\n","protected":false},"author":1,"featured_media":2002002267,"comment_status":"closed","ping_status":"closed","sticky":false,"template":"","format":"standard","meta":{"footnotes":""},"categories":[2],"tags":[],"class_list":["post-2002002265","post","type-post","status-publish","format-standard","has-post-thumbnail","hentry","category-twentytwentyfive"],"_links":{"self":[{"href":"http:\/\/www.elenacabrera.com\/weblog3\/wp-json\/wp\/v2\/posts\/2002002265","targetHints":{"allow":["GET"]}}],"collection":[{"href":"http:\/\/www.elenacabrera.com\/weblog3\/wp-json\/wp\/v2\/posts"}],"about":[{"href":"http:\/\/www.elenacabrera.com\/weblog3\/wp-json\/wp\/v2\/types\/post"}],"author":[{"embeddable":true,"href":"http:\/\/www.elenacabrera.com\/weblog3\/wp-json\/wp\/v2\/users\/1"}],"replies":[{"embeddable":true,"href":"http:\/\/www.elenacabrera.com\/weblog3\/wp-json\/wp\/v2\/comments?post=2002002265"}],"version-history":[{"count":6,"href":"http:\/\/www.elenacabrera.com\/weblog3\/wp-json\/wp\/v2\/posts\/2002002265\/revisions"}],"predecessor-version":[{"id":2002002274,"href":"http:\/\/www.elenacabrera.com\/weblog3\/wp-json\/wp\/v2\/posts\/2002002265\/revisions\/2002002274"}],"wp:featuredmedia":[{"embeddable":true,"href":"http:\/\/www.elenacabrera.com\/weblog3\/wp-json\/wp\/v2\/media\/2002002267"}],"wp:attachment":[{"href":"http:\/\/www.elenacabrera.com\/weblog3\/wp-json\/wp\/v2\/media?parent=2002002265"}],"wp:term":[{"taxonomy":"category","embeddable":true,"href":"http:\/\/www.elenacabrera.com\/weblog3\/wp-json\/wp\/v2\/categories?post=2002002265"},{"taxonomy":"post_tag","embeddable":true,"href":"http:\/\/www.elenacabrera.com\/weblog3\/wp-json\/wp\/v2\/tags?post=2002002265"}],"curies":[{"name":"wp","href":"https:\/\/api.w.org\/{rel}","templated":true}]}}