{"id":2002002275,"date":"2018-09-04T00:14:47","date_gmt":"2018-09-03T22:14:47","guid":{"rendered":"http:\/\/www.elenacabrera.com\/weblog\/?p=2002002275"},"modified":"2018-09-04T00:46:06","modified_gmt":"2018-09-03T22:46:06","slug":"1994-segunda-parte","status":"publish","type":"post","link":"http:\/\/www.elenacabrera.com\/weblog3\/2018\/09\/04\/1994-segunda-parte\/","title":{"rendered":"1994 (segunda parte)"},"content":{"rendered":"<p>Como sigo realizando arqueolog\u00eda en el estudio de mi casa, con el objetivo de perder peso, he encontrado m\u00e1s rastros de aquel a\u00f1o, que no aparec\u00edan en <a href=\"http:\/\/www.elenacabrera.com\/weblog\/1994-2\/\">la agenda que utilic\u00e9 los primeros meses<\/a>.<\/p>\n<p>En el verano de ese a\u00f1o, que ser\u00eda, adem\u00e1s, mi primer verano en la universidad, vine a realizar lo que podr\u00edamos llamar unas pr\u00e1cticas (un poco <em>alternativas<\/em>, como todo lo que hac\u00eda), en el departamento de comunicaci\u00f3n de la Sala Revolver.<\/p>\n<p>El plan consist\u00eda en ganar algo de experiencia en la relaci\u00f3n con los medios ayudando a <a href=\"https:\/\/es.wikipedia.org\/wiki\/Patricia_Godes\">Patricia Godes<\/a> en preparar la comunicaci\u00f3n del que ser\u00eda la primera edici\u00f3n del Festimad, el cual <a href=\"https:\/\/es.wikipedia.org\/wiki\/Festimad#I_Edici%C3%B3n,_1994\">se celebrar\u00eda en noviembre de aquel a\u00f1o<\/a>. Me encantaba la Sala Revolver, por lo que ir a la oficina que ten\u00edan all\u00ed, en horas diurnas me parec\u00eda un privilegio. Recuerdo la oficina como oscura, vieja y sucia, lo cual me encantaba, me parec\u00eda el reverso tenebroso de lo que ser\u00eda una oficina del mundo de los adultos. Recuerdo tambi\u00e9n el <em>look<\/em> rockero de cuero, correas y botas de punta que tra\u00eda Patricia a trabajar.<\/p>\n<p>No recuerdo lo que hice, supongo que lo que Patricia me mandara, pero s\u00ed que no me pareci\u00f3 demasiado. Ella hubiera preferido que me hubieran pagado con dinero (lo hicieron en especie: con un puesto para vender mi fanzine en el festival) as\u00ed que se desviv\u00eda para ayudarme en cosas, como pasarme direcciones de contacto que me sirvieran para mover los fanzines y presentarme a mucha gente (como a Jes\u00fas Ordov\u00e1s, y siempre con palabras exageradas). Todo me fue muy \u00fatil y emocionante.<\/p>\n<p>Otra cosa que hice en noviembre de 1994 fue publicar <a href=\"http:\/\/www.elenacabrera.com\/weblog\/indigestion-fanzines-eclipse-papel\/\">Indigesti\u00f3n de fanzines<\/a>, un directorio de fanzines espa\u00f1oles que serv\u00eda como gu\u00eda para poder conocerlos y pedirlos por correo. Puse las copias reci\u00e9n fotocopiadas en mi flamante puesto en la Revolver. Uno de los primeros en comprar un ejemplar fue Jes\u00fas Ordov\u00e1s, que, ante mi insistencia por regal\u00e1rselo, dijo que los fanzines se pagaban siempre. El m\u00edo costaba 300 pesetas.<\/p>\n<p>De Indigesti\u00f3n escribi\u00f3 el Diario 16 (24\/12\/1994) que yo hab\u00eda hecho una recopilaci\u00f3n \u00abcon bastante seriedad\u00bb. Primera L\u00ednea dijo que \u00absi todav\u00eda tienes dudas sobre la vitalidad de la escena alternativa espa\u00f1ola, conviene que le eches un ojo a este directorio\u00bb (enero 1995). Ram\u00f3n Llubi\u00e0 escribi\u00f3 en Rock de Lux (por aquel entonces la cabecera era as\u00ed, con las palabras separadas) que \u00absu \u00fanico inconveniente es la parquedad descriptiva, disculpable si se tiene en cuenta las dimensiones de la obra\u00bb (abril 1995).<\/p>\n<p>Octavio Cabezas escribi\u00f3 un reportaje en El Pa\u00eds Madrid <a href=\"https:\/\/elpais.com\/diario\/1995\/03\/05\/madrid\/794406276_850215.html\">titulado La libertad se llama papel<\/a>, donde le dedicaba todo un destacado a Indigesti\u00f3n de Fanzines. Dice as\u00ed: \u00abElena Carcoma -seud\u00f3nimo de Elena Cabrera- es una madrile\u00f1a de 19 a\u00f1os y muchas ideas. Tambi\u00e9n tiene un mont\u00f3n de energ\u00eda. Estudia Periodismo, conduce el programa La sombra en el espejo en la emisora independiente Radio Carcoma (98.4 FM) y a\u00fan le queda tiempo para querer montar una red alternativa de distribuci\u00f3n de fanzines. La obra magna, por el momento, de esta firme creyente en la agitaci\u00f3n cultural extramuros del sistema es Indigesti\u00f3n de fanzines. \u00abSe trata de un fanzine de fanzines, de un directorio de todas las publicaciones alternativas que hay en Espa\u00f1a\u00bb, puntualiza. En 50 p\u00e1ginas y por 300 pesetas, esta publicaci\u00f3n ofrece \u00abuna descripci\u00f3n de cada fanzine hecha por sus propios autores, adem\u00e1s de la direcci\u00f3n y el precio\u00bb. Toda una labor enciclop\u00e9dica -hay unas 400 referencias- que empez\u00f3 a gestarse la primavera pasada. \u00abAmigos m\u00edos de fanzines madrile\u00f1os como Malsonando o Las l\u00e1grimas de macondo [ambos dedicados al rock independiente] estaban desmoralizados por las dificultades y porque no vend\u00edan\u00bb, recuerda Elena, \u00abpor lo que se me ocurri\u00f3 la idea para dar mejor a conocer la buen\u00edsima oferta alternativa\u00bb. El n\u00famero dos, previsto para mayo, incorporar\u00e1 las altas y bajas producidas desde que, en noviembre pasado, se puso a la venta el primero, Tambi\u00e9n saldr\u00e1 en disco, \u00abpara capricho de los fan\u00e1ticos de los ordenadores\u00bb. Aunque abomina de lo establecido, Elena no le hace ascos a pactar con las instituciones. \u00abUn amigo de la radio y yo hemos creado la editorial A la Sombra del Este para sacar Indigesti\u00f3n y un directorio de radios libres\u00bb, aclara Elena\u00bb\u00bb (5\/3\/1995).<\/p>\n<p>Finalmente, ni sali\u00f3 un n\u00famero dos, ni una \u00abedici\u00f3n en disco\u00bb para \u00ablos fan\u00e1ticos de los ordenadores\u00bb (LOL) ni hicimos el directorio de Radios Libres ni, que yo recuerde, pact\u00e9 con ninguna instituci\u00f3n. Lo que s\u00ed hice fue un informe de cinco p\u00e1ginas para Factory (Rockdelux) titulado Fanzinerama II (octubre\/diciembre 1996), con un texto reportajeado y una selecci\u00f3n da fanzines del momento comentada con menos parquedad que en Indigesti\u00f3n, un punto que supongo apreciar\u00eda Ram\u00f3n Llubi\u00e0 (cr\u00edtico al que, por cierto, me sol\u00eda gustar leer porque era un macarra y tambi\u00e9n le gustaban los fanzines).<\/p>\n<p>Aquel art\u00edculo m\u00edo desprende desencanto, \u00a1ya en 1996! En \u00e9l, dec\u00eda que \u00abel esplendor de los fanzines musicales ha terminado\u00bb. Mi texto malagorero habla de un momento de gloria, entre el 92 y y el 94, y una cuesta abajo que comienza con la presentaci\u00f3n del fanzine Neqe Zeneke en Maravillas, en junio de 1994. El couch\u00e9 del papel, la \u00abmaquetaci\u00f3n Macintosh\u00bb, los \u00ababurridos contenidos\u00bb y un editorial que daba mal rollo (\u00abocurri\u00f3 que vimos que todo el mundo ten\u00eda un fanzine y nosotros quer\u00edamos uno\u00bb) me hicieron presagiar lo peor: est\u00e1bamos saltando al <em>mainstream<\/em>. Que me entrevistaran en El Pa\u00eds supongo que tambi\u00e9n era un indicio potente.<\/p>\n<p><img loading=\"lazy\" decoding=\"async\" class=\"aligncenter size-full wp-image-2002002286\" src=\"http:\/\/www.elenacabrera.com\/weblog\/wp-content\/uploads\/20180904_000619.jpg\" alt=\"\" width=\"1200\" height=\"675\" srcset=\"http:\/\/www.elenacabrera.com\/weblog3\/wp-content\/uploads\/20180904_000619.jpg 1200w, http:\/\/www.elenacabrera.com\/weblog3\/wp-content\/uploads\/20180904_000619-300x169.jpg 300w, http:\/\/www.elenacabrera.com\/weblog3\/wp-content\/uploads\/20180904_000619-768x432.jpg 768w, http:\/\/www.elenacabrera.com\/weblog3\/wp-content\/uploads\/20180904_000619-1024x576.jpg 1024w\" sizes=\"auto, (max-width: 1200px) 100vw, 1200px\" \/><\/p>\n<p>En el reportaje hablo de Psicodelia Pop, el fanzine que Patricia Montes edit\u00f3 entre enero del 92 y marzo del 95: \u00abes el ejemplo de una manera de hacer fanzines que se est\u00e1 agotando en s\u00ed misma: los grupos de los que habla, habituales de los semanarios ingleses, son ya pasto de grandes medios espa\u00f1oles\u00bb. Recog\u00eda adem\u00e1s unas declaraciones de Patricia a la revista Spiral, en una entrevista que le hicieron con motivo de la desaparici\u00f3n del fanzine: \u00abno creo que un fanzine tenga que ser radical por definici\u00f3n. Jam\u00e1s me hab\u00eda planteado dejarlo porque otros medios hablasen de mis grupos favoritos. Lo que pasa es que ahora ser indie ya no es alternativo\u00bb.<\/p>\n<p>Ay, Patricia, eso dec\u00edas en 1995&#8230; y a\u00fan hay gente que te lo cuenta 23 a\u00f1os despu\u00e9s como si fuera una novedad. Hoy, el indie es un g\u00e9nero de pop-rock espa\u00f1ol puramente <em>mainstream<\/em>, homog\u00e9neo y aburrido, que encaja fenomenal en anuncios de cerveza.<\/p>\n<p>Hablo tambi\u00e9n de que \u00abla profesionalizaci\u00f3n, por llamarla de alguna manera, de algunos de estos colaboradores [el p\u00e1rrafo anterior nombra a cr\u00edticos musicales nacidos de fanzines] ha ido pareja a la desaparici\u00f3n de los fanzines\u00bb y que al igual que RCA fichaba a Los Planetas, Penelope Trip y Australian Blonde, \u00abentonces no es de extra\u00f1ar que Mario Riviere del fanzine N.O.T. escriba sobre punk en El Pa\u00eds de las Tentaciones\u00bb.<\/p>\n<p>Yo, a esas alturas, ya escrib\u00eda en Mondosonoro y dos a\u00f1os despu\u00e9s empezar\u00eda a publicar en el desaparecido suplemento La Luna del Siglo XXI, la respuesta de El Mundo a El Pa\u00eds de las Tentaciones.<\/p>\n","protected":false},"excerpt":{"rendered":"<p>Como sigo realizando arqueolog\u00eda en el estudio de mi casa, con el objetivo de perder peso, he encontrado m\u00e1s rastros de aquel a\u00f1o, que no aparec\u00edan en la agenda que utilic\u00e9 los primeros meses. En el verano de ese a\u00f1o, que ser\u00eda, adem\u00e1s, mi primer verano en la universidad, vine a realizar lo que podr\u00edamos [&hellip;]<\/p>\n","protected":false},"author":1,"featured_media":2002002285,"comment_status":"closed","ping_status":"closed","sticky":false,"template":"","format":"standard","meta":{"footnotes":""},"categories":[2],"tags":[],"class_list":["post-2002002275","post","type-post","status-publish","format-standard","has-post-thumbnail","hentry","category-twentytwentyfive"],"_links":{"self":[{"href":"http:\/\/www.elenacabrera.com\/weblog3\/wp-json\/wp\/v2\/posts\/2002002275","targetHints":{"allow":["GET"]}}],"collection":[{"href":"http:\/\/www.elenacabrera.com\/weblog3\/wp-json\/wp\/v2\/posts"}],"about":[{"href":"http:\/\/www.elenacabrera.com\/weblog3\/wp-json\/wp\/v2\/types\/post"}],"author":[{"embeddable":true,"href":"http:\/\/www.elenacabrera.com\/weblog3\/wp-json\/wp\/v2\/users\/1"}],"replies":[{"embeddable":true,"href":"http:\/\/www.elenacabrera.com\/weblog3\/wp-json\/wp\/v2\/comments?post=2002002275"}],"version-history":[{"count":10,"href":"http:\/\/www.elenacabrera.com\/weblog3\/wp-json\/wp\/v2\/posts\/2002002275\/revisions"}],"predecessor-version":[{"id":2002002290,"href":"http:\/\/www.elenacabrera.com\/weblog3\/wp-json\/wp\/v2\/posts\/2002002275\/revisions\/2002002290"}],"wp:featuredmedia":[{"embeddable":true,"href":"http:\/\/www.elenacabrera.com\/weblog3\/wp-json\/wp\/v2\/media\/2002002285"}],"wp:attachment":[{"href":"http:\/\/www.elenacabrera.com\/weblog3\/wp-json\/wp\/v2\/media?parent=2002002275"}],"wp:term":[{"taxonomy":"category","embeddable":true,"href":"http:\/\/www.elenacabrera.com\/weblog3\/wp-json\/wp\/v2\/categories?post=2002002275"},{"taxonomy":"post_tag","embeddable":true,"href":"http:\/\/www.elenacabrera.com\/weblog3\/wp-json\/wp\/v2\/tags?post=2002002275"}],"curies":[{"name":"wp","href":"https:\/\/api.w.org\/{rel}","templated":true}]}}