{"id":2002002306,"date":"2018-10-25T12:17:08","date_gmt":"2018-10-25T10:17:08","guid":{"rendered":"http:\/\/www.elenacabrera.com\/weblog\/?p=2002002306"},"modified":"2018-10-25T12:17:08","modified_gmt":"2018-10-25T10:17:08","slug":"devotional-depeche-mode-alan-wilder-podcast-pobres-chavales","status":"publish","type":"post","link":"http:\/\/www.elenacabrera.com\/weblog3\/2018\/10\/25\/devotional-depeche-mode-alan-wilder-podcast-pobres-chavales\/","title":{"rendered":"La trilogia devocional"},"content":{"rendered":"<p>Como algunos sabr\u00e9is, Lord Monreal y yo tenemos un podcast lento y largo titulado Pobres Chavales. No tenemos mucho tiempo, por lo que los episodios van cayendo de manera espaciada, mucho m\u00e1s de lo que nos gustar\u00eda. No lo hacemos del tir\u00f3n, como si fuera radio, sino que primero grabamos la conversaci\u00f3n y posteriormente editamos y publicamos. Esto es un m\u00e9todo que nos lleva un tiempo excesivo pero, por otro lado, se adapta mejor a nuestros espacios.<\/p>\n<p>Tambi\u00e9n nos lleva su tiempo prepararlos. A pesar de que ambos hemos le\u00eddo mucho sobre el grupo y su contexto, y yo incluso he publicado un libro, titulado Los \u00faltimos amantes, tenemos una edad en la que los datos ya no se quedan en la cabeza y hay que refrescar. Incluso m\u00e1s, dir\u00eda: gracias al podcast he aprendido cosas sobre Depeche que no sab\u00eda cuando escrib\u00ed el libro.<\/p>\n<p>Actualmente, el podcast est\u00e1 dedicado a la carrera de Depeche Mode, indiscutiblemente nuestro grupo favorito. Alberto y yo compartimos una gran pasi\u00f3n por el grupo, lo que nos da pie a hablar incansablemente sobre ello. Y es as\u00ed desde que nos conocemos. Podr\u00edamos decir que Depeche Mode es una conversaci\u00f3n paralalela que tenemos en nuestra vida y que hemos decidido abrir ventanas a ella para que se asomen otros que lo sienten de igual manera. O curiosos. O cotillas. O no tan fans pero que podr\u00edan serlo.<\/p>\n<p>En julio publicamos <a href=\"https:\/\/www.ivoox.com\/pobres-chavales-19-depeche-mode-devotional-tour-audios-mp3_rf_26867405_1.html\">un cap\u00edtulo dedicado al Devotional &amp; Exotic Tour<\/a>, que podr\u00eda ser la segunda parte del anterior, en el que hablamos del disco que le corresponde, <a href=\"https:\/\/www.ivoox.com\/pobres-chavales-18-depeche-mode-songs-of-faith-audios-mp3_rf_23808588_1.html\">Songs of Faith and Devotion<\/a>, publicado en febrero. Por tanto, me parece que el episodio que hemos publicado ayer, <a href=\"https:\/\/www.ivoox.com\/pobres-chavales-20-la-despedida-alan-audios-mp3_rf_29581339_1.html\">La despedida de Alan<\/a>, ser\u00eda una tercera parte de esta trilog\u00eda devocional formada por la publicaci\u00f3n del disco, la gira y la p\u00e9rdida de uno de sus componentes.<\/p>\n<p>&nbsp;<br \/>\n<iframe id='audio_23808588' frameborder='0' allowfullscreen='' scrolling='no' height='200' src='https:\/\/www.ivoox.com\/player_ej_23808588_4_1.html?c1=0a0a0a' style='border:1px solid #EEE; box-sizing:border-box; width:100%;'><\/iframe><\/p>\n<p><iframe id='audio_26867405' frameborder='0' allowfullscreen='' scrolling='no' height='200' src='https:\/\/www.ivoox.com\/player_ej_26867405_4_1.html?c1=0a0a0a' style='border:1px solid #EEE; box-sizing:border-box; width:100%;'><\/iframe><\/p>\n<p><iframe id='audio_29581339' frameborder='0' allowfullscreen='' scrolling='no' height='200' src='https:\/\/www.ivoox.com\/player_ej_29581339_4_1.html?c1=020202' style='border:1px solid #EEE; box-sizing:border-box; width:100%;'><\/iframe><\/p>\n","protected":false},"excerpt":{"rendered":"<p>Como algunos sabr\u00e9is, Lord Monreal y yo tenemos un podcast lento y largo titulado Pobres Chavales. No tenemos mucho tiempo, por lo que los episodios van cayendo de manera espaciada, mucho m\u00e1s de lo que nos gustar\u00eda. No lo hacemos del tir\u00f3n, como si fuera radio, sino que primero grabamos la conversaci\u00f3n y posteriormente editamos [&hellip;]<\/p>\n","protected":false},"author":1,"featured_media":2002002308,"comment_status":"closed","ping_status":"closed","sticky":false,"template":"","format":"standard","meta":{"footnotes":""},"categories":[],"tags":[4],"class_list":["post-2002002306","post","type-post","status-publish","format-standard","has-post-thumbnail","hentry","tag-musica"],"_links":{"self":[{"href":"http:\/\/www.elenacabrera.com\/weblog3\/wp-json\/wp\/v2\/posts\/2002002306","targetHints":{"allow":["GET"]}}],"collection":[{"href":"http:\/\/www.elenacabrera.com\/weblog3\/wp-json\/wp\/v2\/posts"}],"about":[{"href":"http:\/\/www.elenacabrera.com\/weblog3\/wp-json\/wp\/v2\/types\/post"}],"author":[{"embeddable":true,"href":"http:\/\/www.elenacabrera.com\/weblog3\/wp-json\/wp\/v2\/users\/1"}],"replies":[{"embeddable":true,"href":"http:\/\/www.elenacabrera.com\/weblog3\/wp-json\/wp\/v2\/comments?post=2002002306"}],"version-history":[{"count":1,"href":"http:\/\/www.elenacabrera.com\/weblog3\/wp-json\/wp\/v2\/posts\/2002002306\/revisions"}],"predecessor-version":[{"id":2002002307,"href":"http:\/\/www.elenacabrera.com\/weblog3\/wp-json\/wp\/v2\/posts\/2002002306\/revisions\/2002002307"}],"wp:featuredmedia":[{"embeddable":true,"href":"http:\/\/www.elenacabrera.com\/weblog3\/wp-json\/wp\/v2\/media\/2002002308"}],"wp:attachment":[{"href":"http:\/\/www.elenacabrera.com\/weblog3\/wp-json\/wp\/v2\/media?parent=2002002306"}],"wp:term":[{"taxonomy":"category","embeddable":true,"href":"http:\/\/www.elenacabrera.com\/weblog3\/wp-json\/wp\/v2\/categories?post=2002002306"},{"taxonomy":"post_tag","embeddable":true,"href":"http:\/\/www.elenacabrera.com\/weblog3\/wp-json\/wp\/v2\/tags?post=2002002306"}],"curies":[{"name":"wp","href":"https:\/\/api.w.org\/{rel}","templated":true}]}}