{"id":2002002309,"date":"2018-11-06T13:41:03","date_gmt":"2018-11-06T11:41:03","guid":{"rendered":"http:\/\/www.elenacabrera.com\/weblog\/?p=2002002309"},"modified":"2018-11-06T13:41:03","modified_gmt":"2018-11-06T11:41:03","slug":"conversaciones-con-la-musica","status":"publish","type":"post","link":"http:\/\/www.elenacabrera.com\/weblog3\/2018\/11\/06\/conversaciones-con-la-musica\/","title":{"rendered":"Conversaciones con la m\u00fasica"},"content":{"rendered":"<p>Patricia Godes (de la que <a href=\"http:\/\/www.elenacabrera.com\/weblog\/1994-segunda-parte\/\">ya he hablado por aqu\u00ed<\/a>) tiene un precioso programa en M21 llamado <a href=\"https:\/\/www.m21radio.es\/programas\/conversaciones-con-la-musica\">Conversaciones con la m\u00fasica<\/a>. En \u00e9l, repesca oralmente la memoria musical madrile\u00f1a que no sale en los libros y que apenas se recuerda ya. He tenido el placer de ser invitada a este alegre vademecum de la singular periodista para invocar la escena de agitaci\u00f3n fanzinera que viv\u00eda la ciudad en 1994, a\u00f1o en el que publiqu\u00e9 <a href=\"http:\/\/www.elenacabrera.com\/weblog\/tag\/indigestion-de-fanzines\/\"><em>Indigesti\u00f3n de fanzines<\/em><\/a>.<br \/>\n<a href=\"https:\/\/www.m21radio.es\/podcast\/conversaciones-con-la-musica\/conversaciones-con-la-musica-30102018\" target=\"_blank\" rel=\"noopener\">Aqu\u00ed est\u00e1 el programa para ser escuchado<\/a> o descargado (<a href=\"https:\/\/podcast.m21radio.es\/2018\/10\/20181030_19-00_conversaciones-con-la-musica-30-10-2018.mp3\" target=\"_blank\" rel=\"noopener\">mp3<\/a>).<\/p>\n<p>Curiosamente, hoy mismo, mi compa\u00f1ero en <a href=\"https:\/\/pobreschavalespodcast.tumblr.com\/\">Pobres Chavales<\/a> y en la vida en general, Alberto Monreal, creador del fanzine Maldoror y del festival Arcana Europa,\u00a0 visitar\u00e1 el programa para hablar de la escena g\u00f3tica madrile\u00f1a.<\/p>\n","protected":false},"excerpt":{"rendered":"<p>Patricia Godes (de la que ya he hablado por aqu\u00ed) tiene un precioso programa en M21 llamado Conversaciones con la m\u00fasica. En \u00e9l, repesca oralmente la memoria musical madrile\u00f1a que no sale en los libros y que apenas se recuerda ya. He tenido el placer de ser invitada a este alegre vademecum de la singular [&hellip;]<\/p>\n","protected":false},"author":1,"featured_media":2002002310,"comment_status":"closed","ping_status":"closed","sticky":false,"template":"","format":"standard","meta":{"footnotes":""},"categories":[3],"tags":[],"class_list":["post-2002002309","post","type-post","status-publish","format-standard","has-post-thumbnail","hentry","category-twentytwentyfive"],"_links":{"self":[{"href":"http:\/\/www.elenacabrera.com\/weblog3\/wp-json\/wp\/v2\/posts\/2002002309","targetHints":{"allow":["GET"]}}],"collection":[{"href":"http:\/\/www.elenacabrera.com\/weblog3\/wp-json\/wp\/v2\/posts"}],"about":[{"href":"http:\/\/www.elenacabrera.com\/weblog3\/wp-json\/wp\/v2\/types\/post"}],"author":[{"embeddable":true,"href":"http:\/\/www.elenacabrera.com\/weblog3\/wp-json\/wp\/v2\/users\/1"}],"replies":[{"embeddable":true,"href":"http:\/\/www.elenacabrera.com\/weblog3\/wp-json\/wp\/v2\/comments?post=2002002309"}],"version-history":[{"count":1,"href":"http:\/\/www.elenacabrera.com\/weblog3\/wp-json\/wp\/v2\/posts\/2002002309\/revisions"}],"predecessor-version":[{"id":2002002311,"href":"http:\/\/www.elenacabrera.com\/weblog3\/wp-json\/wp\/v2\/posts\/2002002309\/revisions\/2002002311"}],"wp:featuredmedia":[{"embeddable":true,"href":"http:\/\/www.elenacabrera.com\/weblog3\/wp-json\/wp\/v2\/media\/2002002310"}],"wp:attachment":[{"href":"http:\/\/www.elenacabrera.com\/weblog3\/wp-json\/wp\/v2\/media?parent=2002002309"}],"wp:term":[{"taxonomy":"category","embeddable":true,"href":"http:\/\/www.elenacabrera.com\/weblog3\/wp-json\/wp\/v2\/categories?post=2002002309"},{"taxonomy":"post_tag","embeddable":true,"href":"http:\/\/www.elenacabrera.com\/weblog3\/wp-json\/wp\/v2\/tags?post=2002002309"}],"curies":[{"name":"wp","href":"https:\/\/api.w.org\/{rel}","templated":true}]}}