{"id":2002002313,"date":"2018-11-22T14:39:30","date_gmt":"2018-11-22T12:39:30","guid":{"rendered":"http:\/\/www.elenacabrera.com\/weblog\/?p=2002002313"},"modified":"2018-11-29T17:05:05","modified_gmt":"2018-11-29T15:05:05","slug":"los-espacios-en-blanco-del-diario-de-sesiones-bulo-pasionaria","status":"publish","type":"post","link":"http:\/\/www.elenacabrera.com\/weblog3\/2018\/11\/22\/los-espacios-en-blanco-del-diario-de-sesiones-bulo-pasionaria\/","title":{"rendered":"El bulo de La Pasionaria"},"content":{"rendered":"<p><em>Lectura del post (para los ciegos, para los que no tienen tiempo para pararse a leer o prefieren escuchar mientras hacen otra cosa):<\/em><\/p>\n<p><iframe loading=\"lazy\" src=\"https:\/\/archive.org\/embed\/ElBuloDeLaPasionaria\" width=\"500\" height=\"140\" frameborder=\"0\" allowfullscreen=\"allowfullscreen\"><\/iframe><\/p>\n<hr \/>\n<p>En tiempos en los que no hab\u00eda c\u00e1maras de televisi\u00f3n, la retirada de unas palabras del Diario de Sesiones del Congreso gener\u00f3 un bulo que se perpetu\u00f3 durante a\u00f1os. Tras el asesinato del diputado (y ministro en la Dictadura de Primo de Rivera) de ultraderecha (por entendernos, en realidad era un mon\u00e1rquico que no le hac\u00eda ascos al fascismo) Jos\u00e9 Calvo Sotelo el 12 de julio de 1936, mucho recordaron las palabras de Dolores Ib\u00e1rruri en el hemiciclo el 1 de julio: <strong>\u00ab\u00a1Este ser\u00e1 su \u00faltimo discurso!\u00bb<\/strong>. Una amenaza que la se\u00f1alaba como posible inductora del atentado.<\/p>\n<p>Pues ni esas fueron las palabras, ni las dijo La Pasionaria ni iban dirigidas a Calvo Sotelo ni, en cualquier caso, se pronunciaron palabras semejantes el 1 de julio. En cambio, periodistas de la \u00e9poca lo refirieron as\u00ed, como el corresponsal de Associated Press en Madrid, Edward Knoblaugh (quien, a decir verdad, manten\u00eda amistades demasiado \u00edntimas con las buenas gentes de derechas, que dir\u00eda Umbral); e historiadores como Salvador de Madariaga y tantos otros, perpetuando el bulo. Hoy mismo, <a href=\"https:\/\/es.wikipedia.org\/wiki\/Dolores_Ib%C3%A1rruri\">la propia Wikipedia no acaba de aclarar bien<\/a> lo sucedido, al menos no tan ajustadamente como lo hizo Ian Gibson en <span class=\"reference-text\"><i>La noche en que mataron a Calvo Sotelo<\/i> (1982).<\/span><\/p>\n<p>Adem\u00e1s de las malas intenciones, la tergiversaci\u00f3n proviene de <strong>la eliminaci\u00f3n de la amenaza en el Diario de Sesiones de Cortes<\/strong>, por orden del presidente Luis Jim\u00e9nez de Asua, al igual que ayer <a href=\"https:\/\/www.lavanguardia.com\/politica\/20181121\/453078031323\/ana-pastor-retirara-palabras-fascista-golpista-diario-de-sesiones-congreso-diputados-erc-ciudadanos.html\">Ana Pastor orden\u00f3 que se borraran las palabras \u00abfascista\u00bb y \u00abgolpista\u00bb<\/a>. Rufi\u00e1n le recordaba al grupo parlamentario de Ciudadanos pero meti\u00e9ndolo como cu\u00f1a en una pregunta al ministro Borrell, lo que ya hab\u00eda dicho Joan Tard\u00e1 a Albert Rivera: que cuando les llamaran \u00abgolpistas\u00bb, ellos les responder\u00edan \u00abfascistas\u00bb. Borrell, despistado, crey\u00f3 entender que le llamaban a \u00e9l \u00abracista\u00bb y r\u00e1pidamente le pidi\u00f3 a la Presidenta que se borrara esa palabra del Diario de Sesiones. Esto lo hemos visto ayer en directo, y en los telediarios y en YouTube pero, en aquel entonces, lo que se borraba del Diario, dejaba de existir.<\/p>\n<figure id=\"attachment_2002002328\" aria-describedby=\"caption-attachment-2002002328\" style=\"width: 697px\" class=\"wp-caption aligncenter\"><img loading=\"lazy\" decoding=\"async\" class=\"wp-image-2002002328 size-large\" src=\"http:\/\/www.elenacabrera.com\/weblog\/wp-content\/uploads\/ana-pastor2-1024x632.jpg\" alt=\"La presidenta del Congreso Ana Pastor durante la sesi\u00f3n del 21 de noviembre de 2018.\" width=\"697\" height=\"430\" srcset=\"http:\/\/www.elenacabrera.com\/weblog3\/wp-content\/uploads\/ana-pastor2-1024x632.jpg 1024w, http:\/\/www.elenacabrera.com\/weblog3\/wp-content\/uploads\/ana-pastor2-300x185.jpg 300w, http:\/\/www.elenacabrera.com\/weblog3\/wp-content\/uploads\/ana-pastor2-768x474.jpg 768w, http:\/\/www.elenacabrera.com\/weblog3\/wp-content\/uploads\/ana-pastor2-243x150.jpg 243w, http:\/\/www.elenacabrera.com\/weblog3\/wp-content\/uploads\/ana-pastor2.jpg 1079w\" sizes=\"auto, (max-width: 697px) 100vw, 697px\" \/><figcaption id=\"caption-attachment-2002002328\" class=\"wp-caption-text\">La presidenta del Congreso Ana Pastor durante la sesi\u00f3n del 21 de noviembre de 2018.<\/figcaption><\/figure>\n<p>Volviendo al mismo escenario pero en el 1936, lo que sucedi\u00f3 realmente (salvo la frase en cuesti\u00f3n) puede leerse en la transcripci\u00f3n del 15 de abril (y no el 1 de julio, fecha m\u00e1s pr\u00f3xima al asesinato), que <a href=\"http:\/\/www.congreso.es\/est_sesiones\/\">puede descargarse aqu\u00ed<\/a>. La situaci\u00f3n comienza en la p\u00e1gina 33 del archivo, en el turno de palabra de Jos\u00e9 D\u00edaz Ramos, de la bancada del Frente Popular, el cual hab\u00eda ganado las elecciones en febrero, con resquemor de las derechas. D\u00edaz Ramos le echaba en cara a la oposici\u00f3n, la cual hab\u00eda gobernado los dos a\u00f1os anteriores, la sangrienta represi\u00f3n de la insurrecci\u00f3n del movimiento obrero en octubre de 1934, ped\u00eda responsabilidades a los partidos y en especial al diputado Gil Robles, l\u00edder de la ultraderechista CEDA cuya entrada en el Gobierno encendi\u00f3 la llama de la revuelta antifascista del 34. Al parecer Gil Robles se hab\u00eda ausentado de la C\u00e1mara, porque D\u00edaz Ramos dijo \u00abque no est\u00e1 presente, porque <strong>larga el muerto y se marcha, como ocurre con todos los cobardes<\/strong>\u00ab. Se escuchan grandes protestas en los sectores de la derecha y el Presidente llama al orden, pidi\u00e9ndole al diputado que escoja expresiones m\u00e1s adecuados \u00abo un modo m\u00e1s soslayado de decir su pensamiento\u00bb.<\/p>\n<figure id=\"attachment_2002002318\" aria-describedby=\"caption-attachment-2002002318\" style=\"width: 644px\" class=\"wp-caption aligncenter\"><img loading=\"lazy\" decoding=\"async\" class=\"size-full wp-image-2002002318\" src=\"http:\/\/www.elenacabrera.com\/weblog\/wp-content\/uploads\/gil-robles-644x362.jpg\" alt=\"Gil Robles en el Congreso de los Diputados.\" width=\"644\" height=\"362\" srcset=\"http:\/\/www.elenacabrera.com\/weblog3\/wp-content\/uploads\/gil-robles-644x362.jpg 644w, http:\/\/www.elenacabrera.com\/weblog3\/wp-content\/uploads\/gil-robles-644x362-300x169.jpg 300w, http:\/\/www.elenacabrera.com\/weblog3\/wp-content\/uploads\/gil-robles-644x362-267x150.jpg 267w\" sizes=\"auto, (max-width: 644px) 100vw, 644px\" \/><figcaption id=\"caption-attachment-2002002318\" class=\"wp-caption-text\">Gil Robles en el Congreso de los Diputados.<\/figcaption><\/figure>\n<p>D\u00edaz Ramos, <a href=\"https:\/\/www.eldiario.es\/politica\/Ana-Pastor-Rufian-Borrell-ERC_0_838166274.html\">un poco Rufi\u00e1n, la verdad,<\/a> le replica al Presidente que no piensa que haya que hacer \u00abmuchas triqui\u00f1uelas\u00bb para medir las palabras precisas, que esa era la tradici\u00f3n y costumbre de \u00abuna C\u00e1mara de cuellos tiesos\u00bb [risas] pero que esta \u00ab<strong>es una c\u00e1mara de cuellos flojos y de pu\u00f1os fuertes<\/strong> que tiene que decir al pueblo la verdad tal y como la siente\u00bb. El diputado comunista prosigue su interpelaci\u00f3n refiri\u00e9ndose al octubre asturiano, soltando dardos a Gil Robles y Calvo Sotelo y apuntalando la firmeza del bloque popular, del cu\u00e1l \u00e9l forma parte. Prosigue advirtiendo de que le consta la existencia de elementos reaccionarios en los cuarteles, intoxicando a los soldados. Y dice:<\/p>\n<p>D\u00edaz Ramos: \u00abEl Sr. Gil Robles dec\u00eda de una manera pat\u00e9tica ante la situaci\u00f3n que se puede crear en Espa\u00f1a era preferible morir en la calle que de no s\u00e9 qu\u00e9 manera. Yo no s\u00e9 c\u00f3mo va a morir el se\u00f1or Gil Robles\u00bb.<br \/>\nUn diputado: \u00abEn la horca\u00bb.<br \/>\n[Grandes protestas en el C\u00e1mara].<br \/>\nD\u00edaz Ramos: \u00abS\u00e9 c\u00f3mo han muerto el sargento V\u00e1zquez, Arg\u00fcelles y otros compa\u00f1eros, en defensa de la Rep\u00fablica y por oden del Gobierno, del que formaba parte el Sr. Gil Robles. <strong>No puedo asegurar c\u00f3mo va a morir el Sr. Gil Robles, pero s\u00ed puedo afirmar&#8230;<\/strong> [Las \u00faltimas palabras producen grandes protestas]\u00bb.<\/p>\n<p><strong>Lo que se elimina del Diario del Diario de Sesiones estar\u00eda en esos puntos suspensivos<\/strong>. Prosigue el Presidente del Congreso:<\/p>\n<p>Presidente: \u00abSe\u00f1or D\u00edaz Ramos, ruego a S. S. que tenga en cuenta que todo se puede decir atendiendo al Parlamento y a la necesidad de no provocar conflictos en la C\u00e1mara. [Nuevas y en\u00e9rgicas protestas y contraprotestas]. Pido a S. S. que sea prudente en las expresiones\u00bb.<br \/>\nCalvo Sotelo: \u00abSe acaba de hacer una incitaci\u00f3n al asesinato\u00bb.<br \/>\nCeballos: \u00abEso es provocar al asesinato y no se puede tolerar\u00bb.<br \/>\nPresidente (quien repetidamente llama al orden): \u00ab<strong>Esas palabras no constar\u00e1n en el Diario de Sesiones<\/strong>\u00ab.<\/p>\n<figure id=\"attachment_2002002320\" aria-describedby=\"caption-attachment-2002002320\" style=\"width: 503px\" class=\"wp-caption aligncenter\"><img loading=\"lazy\" decoding=\"async\" class=\"wp-image-2002002320 size-full\" src=\"http:\/\/www.elenacabrera.com\/weblog\/wp-content\/uploads\/jose-diaz-congreso-1936-Ahora.jpg\" alt=\"El diputado Jos\u00e9 D\u00edaz en el uso de la palabra en el Congreso de los Diputados en 1936. Foto \/ Marina, Diario Ahora.\" width=\"503\" height=\"499\" srcset=\"http:\/\/www.elenacabrera.com\/weblog3\/wp-content\/uploads\/jose-diaz-congreso-1936-Ahora.jpg 503w, http:\/\/www.elenacabrera.com\/weblog3\/wp-content\/uploads\/jose-diaz-congreso-1936-Ahora-150x150.jpg 150w, http:\/\/www.elenacabrera.com\/weblog3\/wp-content\/uploads\/jose-diaz-congreso-1936-Ahora-300x298.jpg 300w, http:\/\/www.elenacabrera.com\/weblog3\/wp-content\/uploads\/jose-diaz-congreso-1936-Ahora-151x150.jpg 151w\" sizes=\"auto, (max-width: 503px) 100vw, 503px\" \/><figcaption id=\"caption-attachment-2002002320\" class=\"wp-caption-text\">El diputado Jos\u00e9 D\u00edaz en el uso de la palabra en el Congreso de los Diputados en 1936. Foto \/ Marina, Diario Ahora.<\/figcaption><\/figure>\n<p>A partir de ah\u00ed el guirigay es considerable. Calvo Sotelo pide que la presidencia lea el p\u00e1rrafo cuarto del art\u00edculo 78. El Secretario da lectura: \u00abnadie podr\u00e1 ser interrumpido cuando hable sino para ser llamado al orden o a la cuesti\u00f3n por el Presidente\u00bb, lo cual provoca grandes risas en el hemiciclo. El Presidente recuerda que se van a borrar las palabras del Diario, a lo que algunos diputados gritan que \u00abeso no basta\u00bb. Entonces, Dolores Ib\u00e1rruri les contesta: <strong>\u00absi os molesta eso, le quitaremos los zapatos y le pondremos las botas\u00bb,<\/strong> a lo que Gil Robles dice: \u00abos va a costar trabajo, con botas o sin ellas, porque me s\u00e9 defender\u00bb.<\/p>\n<figure id=\"attachment_2002002319\" aria-describedby=\"caption-attachment-2002002319\" style=\"width: 343px\" class=\"wp-caption aligncenter\"><img loading=\"lazy\" decoding=\"async\" class=\"wp-image-2002002319\" src=\"http:\/\/www.elenacabrera.com\/weblog\/wp-content\/uploads\/ibarruri-y-jose-diaz-foto-marina-1936.jpg\" alt=\"Los diputados comunistas Jos\u00e9 D\u00edaz y Dolores Ibarruri a la salida del Congreso de los Diputados en 1936. Foto \/ Marina, Diario Ahora.\" width=\"343\" height=\"498\" srcset=\"http:\/\/www.elenacabrera.com\/weblog3\/wp-content\/uploads\/ibarruri-y-jose-diaz-foto-marina-1936.jpg 391w, http:\/\/www.elenacabrera.com\/weblog3\/wp-content\/uploads\/ibarruri-y-jose-diaz-foto-marina-1936-207x300.jpg 207w, http:\/\/www.elenacabrera.com\/weblog3\/wp-content\/uploads\/ibarruri-y-jose-diaz-foto-marina-1936-103x150.jpg 103w\" sizes=\"auto, (max-width: 343px) 100vw, 343px\" \/><figcaption id=\"caption-attachment-2002002319\" class=\"wp-caption-text\">Los diputados comunistas Jos\u00e9 D\u00edaz y Dolores Ibarruri a la salida del Congreso de los Diputados en 1936. Foto \/ Marina, Diario Ahora.<\/figcaption><\/figure>\n<p>Estas dos \u00faltimas declaraciones no se entienden porque el borrado del insulto original nos ha dejado sin contexto. Seg\u00fan fuentes de la \u00e9poca (refiere Gibson),<strong> lo que le dijo D\u00edaz Ramos a Gil Robles fue \u00absu se\u00f1or\u00eda morir\u00e1 con los zapatos puestos\u00bb,<\/strong> o algo muy similar.<\/p>\n<p>Tras la puntilla de La Pasionaria el gallinero termina de revolotearse. De hecho, es Gil Robles quien dice \u00abque conste que no soy asesino como vosotros\u00bb. Varios periodistas se ponen en pie en la Tribuna de la Prensa y dicen palabras que no se perciben. Varios diputados se cruzan imprecaciones y frases que no es posible entender. El Presidente llama al orden a periodistas y diputados, pero uno de ellos abandona su esca\u00f1o airadamente. Algunos otros aprovechan para gritar \u00ab\u00a1Viva Asturias! \u00a1Sirval! \u00a1Sirval!\u00bb.<\/p>\n<p>(Me encantar\u00eda hablaros sobre Sirval, pero no es el momento; otro d\u00eda). La bronca prosigue entre sus se\u00f1or\u00edas, con las izquierdas alertando del creciente autoritarismo violento de la derechas. La siguiente alocuci\u00f3n de D\u00edaz Ramos es tan larga que cuando el Presidente cede la palabra al siguiente diputado, Alonso R\u00edos, le pide que sea breve, en atenci\u00f3n al cansancio de la C\u00e1mara.<\/p>\n<p>Gracias a la maquinaria pol\u00edtica de la historiograf\u00eda franquista (o, <a href=\"http:\/\/www.angelvinas.es\/?p=1213\">como dir\u00eda Alberto Reig, de la \u00abhistorietograf\u00eda\u00bb<\/a>) <strong>ese espacio en blanco de la fuente oficial dio alas a un nuevo bulo<\/strong> que servir\u00eda, como muchos otros, para apuntalar la no responsabilidad de las derechas en la sublevaci\u00f3n militar que conducir\u00eda a la Guerra Civil. El peso era tan grande que todav\u00eda en 1981 Ib\u00e1rruri <a href=\"https:\/\/elpais.com\/diario\/1981\/07\/25\/sociedad\/364860002_850215.html\">se lo desment\u00eda a Manuel Vicent en una entrevista en El Pa\u00eds<\/a>. La batalla por la verdad todav\u00eda no ha concluido, lo s\u00e9 porque <a href=\"https:\/\/www.eldiario.es\/politica\/Pablo-Casado-exaltacion-franquismo-probidida_0_838516217.html\">he escuchado a Pablo Casado esta ma\u00f1ana en Hoy por Hoy<\/a>, y segu\u00eda lanzando granadas desde su trinchera.<\/p>\n<p>Pero a\u00fan hoy, en el Diario de Sesiones, las palabras <a href=\"https:\/\/www.lavanguardia.com\/politica\/20181122\/453091362890\/fascista-golpista-mantienen-dirario-de-sesiones-congreso-ana-pastor.html\">no hab\u00edan sido retiradas sino marcadas en cursiva<\/a>. Algo no va a dejar de existir, ni se va a convertir en otra cosa, porque los taqu\u00edgrafos del Congreso de los Diputados son plurales y numerosos, y si queremos saber qu\u00e9 ha pasado, <a href=\"https:\/\/www.youtube.com\/watch?v=uVg9vxC4l-g\">lo vemos en YouTube<\/a>.<\/p>\n","protected":false},"excerpt":{"rendered":"<p>Lectura del post (para los ciegos, para los que no tienen tiempo para pararse a leer o prefieren escuchar mientras hacen otra cosa): En tiempos en los que no hab\u00eda c\u00e1maras de televisi\u00f3n, la retirada de unas palabras del Diario de Sesiones del Congreso gener\u00f3 un bulo que se perpetu\u00f3 durante a\u00f1os. Tras el asesinato [&hellip;]<\/p>\n","protected":false},"author":1,"featured_media":2002002315,"comment_status":"closed","ping_status":"closed","sticky":false,"template":"","format":"standard","meta":{"footnotes":""},"categories":[],"tags":[],"class_list":["post-2002002313","post","type-post","status-publish","format-standard","has-post-thumbnail","hentry"],"_links":{"self":[{"href":"http:\/\/www.elenacabrera.com\/weblog3\/wp-json\/wp\/v2\/posts\/2002002313","targetHints":{"allow":["GET"]}}],"collection":[{"href":"http:\/\/www.elenacabrera.com\/weblog3\/wp-json\/wp\/v2\/posts"}],"about":[{"href":"http:\/\/www.elenacabrera.com\/weblog3\/wp-json\/wp\/v2\/types\/post"}],"author":[{"embeddable":true,"href":"http:\/\/www.elenacabrera.com\/weblog3\/wp-json\/wp\/v2\/users\/1"}],"replies":[{"embeddable":true,"href":"http:\/\/www.elenacabrera.com\/weblog3\/wp-json\/wp\/v2\/comments?post=2002002313"}],"version-history":[{"count":12,"href":"http:\/\/www.elenacabrera.com\/weblog3\/wp-json\/wp\/v2\/posts\/2002002313\/revisions"}],"predecessor-version":[{"id":2002002331,"href":"http:\/\/www.elenacabrera.com\/weblog3\/wp-json\/wp\/v2\/posts\/2002002313\/revisions\/2002002331"}],"wp:featuredmedia":[{"embeddable":true,"href":"http:\/\/www.elenacabrera.com\/weblog3\/wp-json\/wp\/v2\/media\/2002002315"}],"wp:attachment":[{"href":"http:\/\/www.elenacabrera.com\/weblog3\/wp-json\/wp\/v2\/media?parent=2002002313"}],"wp:term":[{"taxonomy":"category","embeddable":true,"href":"http:\/\/www.elenacabrera.com\/weblog3\/wp-json\/wp\/v2\/categories?post=2002002313"},{"taxonomy":"post_tag","embeddable":true,"href":"http:\/\/www.elenacabrera.com\/weblog3\/wp-json\/wp\/v2\/tags?post=2002002313"}],"curies":[{"name":"wp","href":"https:\/\/api.w.org\/{rel}","templated":true}]}}