{"id":2002002346,"date":"2019-02-01T12:23:26","date_gmt":"2019-02-01T10:23:26","guid":{"rendered":"http:\/\/www.elenacabrera.com\/weblog\/?p=2002002346"},"modified":"2019-02-01T12:27:46","modified_gmt":"2019-02-01T10:27:46","slug":"ritual","status":"publish","type":"post","link":"http:\/\/www.elenacabrera.com\/weblog3\/2019\/02\/01\/ritual\/","title":{"rendered":"Ritual"},"content":{"rendered":"<p><a href=\"http:\/\/reservaespiritualdeoccidente.bandcamp.com\/\">Reserva Espiritual de Occidente<\/a> se ha convertido en algo grande. Siempre fue especial y hac\u00eda peque\u00f1as cosas bonitas, como aquel disco con fundas cosidas a mano con tela negra de mortaja. Despu\u00e9s de transitar aquellos lugares, \u00e1speros, confusos, inaccesibles, R.E.O. ha llegado a este recodo en el camino en el que se deja ver como un gran drag\u00f3n que palpita y sangra.<\/p>\n<p>No conozco otra voz como la de Svali, que se asoma vibrando desde dentro de un manantial, que se eleva con \u00edmpetu y, a veces, cuando desciende, no es al agua clara sino a una pantanosa en la que se sumerge.<\/p>\n<p>Ayer algunos fuimos convocados a una escucha esot\u00e9rica de su disco <em>El Cristo de la Atl\u00e1ntida<\/em>, que publica <a href=\"http:\/\/pargueland.com\/humo-si-todo-te-parece-una-mierda-hazlo-tu-mismo-pero-con-amigos\/\">Humo<\/a> este mes de febrero. Dise\u00f1aron un ritual con el objetivo de conducir a los oyentes a un lugar concreto y un estado preciso. Con los ojos cerrados, como antiguamente, y congregados en torno a un fuego simb\u00f3lico, escuchamos las canciones y la voz de Wences Lamas, que nos iba dirigiendo.Vestimos m\u00e1scaras, como siempre hacemos, pero esta vez m\u00e1s expl\u00edcitas, y Pablo Rajenstein cre\u00f3 una ilusi\u00f3n donde crear el miedo y arrancarnos una m\u00e1scara que no nos gustara; para quedarnos con una que s\u00ed. Como siembre hacemos, como antiguamente.<\/p>\n<p><iframe loading=\"lazy\" src=\"https:\/\/www.youtube.com\/embed\/DdMpIRHa14Y\" width=\"560\" height=\"315\" frameborder=\"0\" allowfullscreen=\"allowfullscreen\"><\/iframe><\/p>\n","protected":false},"excerpt":{"rendered":"<p>Reserva Espiritual de Occidente se ha convertido en algo grande. Siempre fue especial y hac\u00eda peque\u00f1as cosas bonitas, como aquel disco con fundas cosidas a mano con tela negra de mortaja. Despu\u00e9s de transitar aquellos lugares, \u00e1speros, confusos, inaccesibles, R.E.O. ha llegado a este recodo en el camino en el que se deja ver como [&hellip;]<\/p>\n","protected":false},"author":1,"featured_media":2002002347,"comment_status":"closed","ping_status":"closed","sticky":false,"template":"","format":"standard","meta":{"footnotes":""},"categories":[],"tags":[],"class_list":["post-2002002346","post","type-post","status-publish","format-standard","has-post-thumbnail","hentry"],"_links":{"self":[{"href":"http:\/\/www.elenacabrera.com\/weblog3\/wp-json\/wp\/v2\/posts\/2002002346","targetHints":{"allow":["GET"]}}],"collection":[{"href":"http:\/\/www.elenacabrera.com\/weblog3\/wp-json\/wp\/v2\/posts"}],"about":[{"href":"http:\/\/www.elenacabrera.com\/weblog3\/wp-json\/wp\/v2\/types\/post"}],"author":[{"embeddable":true,"href":"http:\/\/www.elenacabrera.com\/weblog3\/wp-json\/wp\/v2\/users\/1"}],"replies":[{"embeddable":true,"href":"http:\/\/www.elenacabrera.com\/weblog3\/wp-json\/wp\/v2\/comments?post=2002002346"}],"version-history":[{"count":3,"href":"http:\/\/www.elenacabrera.com\/weblog3\/wp-json\/wp\/v2\/posts\/2002002346\/revisions"}],"predecessor-version":[{"id":2002002350,"href":"http:\/\/www.elenacabrera.com\/weblog3\/wp-json\/wp\/v2\/posts\/2002002346\/revisions\/2002002350"}],"wp:featuredmedia":[{"embeddable":true,"href":"http:\/\/www.elenacabrera.com\/weblog3\/wp-json\/wp\/v2\/media\/2002002347"}],"wp:attachment":[{"href":"http:\/\/www.elenacabrera.com\/weblog3\/wp-json\/wp\/v2\/media?parent=2002002346"}],"wp:term":[{"taxonomy":"category","embeddable":true,"href":"http:\/\/www.elenacabrera.com\/weblog3\/wp-json\/wp\/v2\/categories?post=2002002346"},{"taxonomy":"post_tag","embeddable":true,"href":"http:\/\/www.elenacabrera.com\/weblog3\/wp-json\/wp\/v2\/tags?post=2002002346"}],"curies":[{"name":"wp","href":"https:\/\/api.w.org\/{rel}","templated":true}]}}