{"id":2002002352,"date":"2019-02-25T12:32:52","date_gmt":"2019-02-25T10:32:52","guid":{"rendered":"http:\/\/www.elenacabrera.com\/weblog\/?p=2002002352"},"modified":"2019-04-27T12:45:58","modified_gmt":"2019-04-27T10:45:58","slug":"directo-salvaje","status":"publish","type":"post","link":"http:\/\/www.elenacabrera.com\/weblog3\/2019\/02\/25\/directo-salvaje\/","title":{"rendered":"Directo Salvaje"},"content":{"rendered":"<p>El primer <a href=\"https:\/\/www.m21radio.es\/programas\/directo-salvaje\" target=\"_blank\" rel=\"noopener\">Directo Salvaje<\/a> fue en directo y fue salvaje, \u00bfqu\u00e9 m\u00e1s se puede pedir? El viernes 22 de febrero <a href=\"https:\/\/www.m21radio.es\/actualidad-cultural\/conciertos-en-directo-desde-salas-de-madrid\" target=\"_blank\" rel=\"noopener\">arrancamos un nuevo programa en M21<\/a>, la radio p\u00fablica de la ciudad de Madrid. La idea de retransmitir conciertos, en directo, desde salas de Madrid para apoyar la escena emergente (nueva palabra para evitar usar independiente, que ya no significa lo que significaba) o, si quieres, <em>underground<\/em>, o incluso <em>infraunderground<\/em>, ya la tra\u00eda \u00c1ngeles Oliva y To\u00f1a Medina en su proyecto para la nueva direcci\u00f3n de la radio. (<a href=\"https:\/\/www.m21radio.es\/sites\/default\/files\/m21_angeles_oliva_y_tona_medina.pdf\">La radio que so\u00f1\u00e9: una radio poliedro, aspersor plaza, PDF<\/a>).<\/p>\n<p><img loading=\"lazy\" decoding=\"async\" class=\" wp-image-2002002355 alignleft\" src=\"http:\/\/www.elenacabrera.com\/weblog\/wp-content\/uploads\/D0CPQAjXcAAhhuV.jpglarge.jpeg\" alt=\"\" width=\"133\" height=\"178\" srcset=\"http:\/\/www.elenacabrera.com\/weblog3\/wp-content\/uploads\/D0CPQAjXcAAhhuV.jpglarge.jpeg 768w, http:\/\/www.elenacabrera.com\/weblog3\/wp-content\/uploads\/D0CPQAjXcAAhhuV.jpglarge-225x300.jpeg 225w, http:\/\/www.elenacabrera.com\/weblog3\/wp-content\/uploads\/D0CPQAjXcAAhhuV.jpglarge-113x150.jpeg 113w\" sizes=\"auto, (max-width: 133px) 100vw, 133px\" \/>Yo he recogido con mucha emoci\u00f3n este generoso encargo y le he acabado de dar forma en lo que ahora ya tiene nombre (<strong>Directo Salvaje<\/strong>) y sonoridad (mi voz, barullo ambiente, muchas voces que agarran micro, aplausos, silbidos, la m\u00fasica en directo).<\/p>\n<p>Para el primer movimiento, un concierto perfecto: la fiesta Madrid Radical que combinaba el synthpop de <strong>Auto Sacramental<\/strong> (en su puesta de largo) y el synthpunk de <strong>Grabba Grabba Tape<\/strong> (que acaban de regresar tras un par\u00f3n de diez a\u00f1os).<\/p>\n<p>Ya contar\u00e9 m\u00e1s cosas, pero si os hab\u00e9is perdido el directo, <a href=\"https:\/\/www.m21radio.es\/podcast\/directo-salvaje\/directo-salvaje-22022019\" target=\"_blank\" rel=\"noopener\">pod\u00e9is escucharlo aqu\u00ed<\/a>. \u00a1180 minutos de radio en directo desde la Sala El Juglar!<\/p>\n<p><iframe loading=\"lazy\" width=\"100%\" height=\"330\" scrolling=\"no\" src=\"https:\/\/www.m21radio.es\/podcast\/directo-salvaje\/directo-salvaje-22022019-0?output=embed\" frameborder=\"0\" allowfullscreen><\/iframe><\/p>\n<p>Algunas fotos, aqu\u00ed:<\/p>\n<p><a data-flickr-embed=\"true\" data-header=\"true\" data-footer=\"true\"  href=\"https:\/\/www.flickr.com\/photos\/elenacabreramontero\/albums\/72157705559214431\" title=\"Directo Salvaje\"><img loading=\"lazy\" decoding=\"async\" src=\"https:\/\/farm8.staticflickr.com\/7905\/46292206305_2ca4667c04_z.jpg\" width=\"640\" height=\"640\" alt=\"Directo Salvaje\"><\/a><script async src=\"\/\/embedr.flickr.com\/assets\/client-code.js\" charset=\"utf-8\"><\/script><\/p>\n","protected":false},"excerpt":{"rendered":"<p>El primer Directo Salvaje fue en directo y fue salvaje, \u00bfqu\u00e9 m\u00e1s se puede pedir? El viernes 22 de febrero arrancamos un nuevo programa en M21, la radio p\u00fablica de la ciudad de Madrid. La idea de retransmitir conciertos, en directo, desde salas de Madrid para apoyar la escena emergente (nueva palabra para evitar usar [&hellip;]<\/p>\n","protected":false},"author":1,"featured_media":2002002354,"comment_status":"closed","ping_status":"closed","sticky":false,"template":"","format":"standard","meta":{"footnotes":""},"categories":[3],"tags":[],"class_list":["post-2002002352","post","type-post","status-publish","format-standard","has-post-thumbnail","hentry","category-twentytwentyfive"],"_links":{"self":[{"href":"http:\/\/www.elenacabrera.com\/weblog3\/wp-json\/wp\/v2\/posts\/2002002352","targetHints":{"allow":["GET"]}}],"collection":[{"href":"http:\/\/www.elenacabrera.com\/weblog3\/wp-json\/wp\/v2\/posts"}],"about":[{"href":"http:\/\/www.elenacabrera.com\/weblog3\/wp-json\/wp\/v2\/types\/post"}],"author":[{"embeddable":true,"href":"http:\/\/www.elenacabrera.com\/weblog3\/wp-json\/wp\/v2\/users\/1"}],"replies":[{"embeddable":true,"href":"http:\/\/www.elenacabrera.com\/weblog3\/wp-json\/wp\/v2\/comments?post=2002002352"}],"version-history":[{"count":4,"href":"http:\/\/www.elenacabrera.com\/weblog3\/wp-json\/wp\/v2\/posts\/2002002352\/revisions"}],"predecessor-version":[{"id":2002002484,"href":"http:\/\/www.elenacabrera.com\/weblog3\/wp-json\/wp\/v2\/posts\/2002002352\/revisions\/2002002484"}],"wp:featuredmedia":[{"embeddable":true,"href":"http:\/\/www.elenacabrera.com\/weblog3\/wp-json\/wp\/v2\/media\/2002002354"}],"wp:attachment":[{"href":"http:\/\/www.elenacabrera.com\/weblog3\/wp-json\/wp\/v2\/media?parent=2002002352"}],"wp:term":[{"taxonomy":"category","embeddable":true,"href":"http:\/\/www.elenacabrera.com\/weblog3\/wp-json\/wp\/v2\/categories?post=2002002352"},{"taxonomy":"post_tag","embeddable":true,"href":"http:\/\/www.elenacabrera.com\/weblog3\/wp-json\/wp\/v2\/tags?post=2002002352"}],"curies":[{"name":"wp","href":"https:\/\/api.w.org\/{rel}","templated":true}]}}