{"id":2002002360,"date":"2019-03-12T00:04:47","date_gmt":"2019-03-11T22:04:47","guid":{"rendered":"http:\/\/www.elenacabrera.com\/weblog\/?p=2002002360"},"modified":"2019-03-12T11:32:34","modified_gmt":"2019-03-12T09:32:34","slug":"mi-baile-de-mascaras","status":"publish","type":"post","link":"http:\/\/www.elenacabrera.com\/weblog3\/2019\/03\/12\/mi-baile-de-mascaras\/","title":{"rendered":"Mi baile de m\u00e1scaras"},"content":{"rendered":"<p>Si hace un a\u00f1o me hubieras dicho que har\u00eda un programa de radio sobre el Carnaval desde la plaza de mi barrio, Prosperidad, te habr\u00eda preguntado que con qu\u00e9 te drogas. Aunque es verdad que, hace casi un a\u00f1o, las cosas empezaron a torcerse en <a href=\"http:\/\/www.elenacabrera.com\/weblog\/tag\/porcausa\/\">mi anterior trabajo<\/a> y estaba a punto de ser despedida&#8230; temporalmente. No tuve paciencia y, en el verano, convert\u00ed esa temporalidad en indefinida.<\/p>\n<p>Al volver de las vacaciones de verano, ya en el paro, me puse a terminar de escribir el libro que hab\u00eda dejado a medias a\u00f1os atr\u00e1s. O eso pensaba yo, que se trata de terminarlo, cuando en realidad, me di cuenta al volver a \u00e9l, pr\u00e1cticamente no estaba ni comenzado. Tuve la suerte de dedicarme unos meses a la escritura y a cuidar de mi familia, lo cual, si no hiciera falta dinero para vivir, ser\u00eda todo lo que har\u00eda en la vida. Mientras transcurr\u00eda el oto\u00f1o de 2018, me cayeron dos trabajos que disfrut\u00e9 con agobio y con gozo, como siempre me pasa. Uno de ellos fue para el \u00c1rea de Cultura del Ayuntamiento de Madrid. No es que sea un secreto, pero tampoco lo he querido contar mucho. Era la segunda vez que formaba parte de la comisi\u00f3n de festivales para las subvenciones. Repet\u00ed porque, como con los partos, despu\u00e9s solo te acuerdas de lo bueno. En mi caso, la parte buena fue la de conocer, bastante al detalle, c\u00f3mo son las propuestas de festivales de m\u00fasica en Madrid, qu\u00e9 se hace, c\u00f3mo, qu\u00e9 se quiere conseguir&#8230; e intentar ayudar, de la mejor manera, a todos los que sean posible. Pero tambi\u00e9n lo pas\u00e9 mal porque el dinero es finito, las bases son de concurrencia competitiva y yo empatizo demasiado con la gente. Durante semanas no par\u00e9 de pensar en muchos aspectos relacionados con la gesti\u00f3n de lo p\u00fablico y los presupuestos. Y sigo d\u00e1ndole vueltas. Es una responsabilidad que quita el sue\u00f1o. Admiro mucho a las personas que se dedican a ello, y a las que lo hacen bien, en fin, les har\u00eda un monumento, una cena, una flor de origami. Me parece que a veces tratamos injustamente a las personas que se dedican a la funci\u00f3n p\u00fablica, en especial cuando les juzgamos por un acto o un detalle.<\/p>\n<p>Ya he dicho que empatizo muy f\u00e1cilmente.<\/p>\n<figure id=\"attachment_2002002363\" aria-describedby=\"caption-attachment-2002002363\" style=\"width: 207px\" class=\"wp-caption alignleft\"><img loading=\"lazy\" decoding=\"async\" class=\"size-medium wp-image-2002002363\" src=\"http:\/\/www.elenacabrera.com\/weblog\/wp-content\/uploads\/Cartel_Aviador-a6407-207x300.jpg\" alt=\"Anarqu\u00eda cient\u00edfica\" width=\"207\" height=\"300\" srcset=\"http:\/\/www.elenacabrera.com\/weblog3\/wp-content\/uploads\/Cartel_Aviador-a6407-207x300.jpg 207w, http:\/\/www.elenacabrera.com\/weblog3\/wp-content\/uploads\/Cartel_Aviador-a6407-104x150.jpg 104w, http:\/\/www.elenacabrera.com\/weblog3\/wp-content\/uploads\/Cartel_Aviador-a6407.jpg 449w\" sizes=\"auto, (max-width: 207px) 100vw, 207px\" \/><figcaption id=\"caption-attachment-2002002363\" class=\"wp-caption-text\">Anarqu\u00eda cient\u00edfica<\/figcaption><\/figure>\n<p>El otro trabajo al que me dediqu\u00e9 en aquellos meses ya es p\u00fablico tambi\u00e9n: un cap\u00edtulo en el libro colectivo sobre Aviador Dro titulado \u00abAnarqu\u00eda cient\u00edfica. La fascinante revoluci\u00f3n tecno del Aviador Dro\u00bb, <a href=\"http:\/\/www.lafelguera.net\/web\/Anarquia-cientifica-La-fascinante.html\">que editar\u00e1 La Felguera en mayo de este a\u00f1o<\/a>. Me entregu\u00e9 muy a fondo y luego supe que me pas\u00e9, escribiendo m\u00e1s p\u00e1ginas de las que deb\u00eda. He escrito sobre el origen del grupo y la adolescencia de su miembros fundadores, cuando hac\u00edan fanzines en el Instituto Santamarca y jugaban al baloncesto en la cancha del Parque de Berl\u00edn.<\/p>\n<p>Por eso, casi me echo a llorar (o quiz\u00e1 lo hice) cuando Aviador Dro ejerci\u00f3 de pregonero del Carnaval de Madrid el pasado 1 de marzo, en un escenario colocado sobre esa misma cancha de baloncesto, circunstancia que el propio Servando Carballar record\u00f3 en su arenga\/manifiesto\/preg\u00f3n de aquella noche. \u00abLa Prospe, donde todo empez\u00f3\u00bb.<\/p>\n<p>Los que me conocen saben que me apasionan las historias peque\u00f1as, las que se olvidan en los libros de historia, las de la memoria, las familias y los lugares. Sobre todo las disfruto cuando aparecen en ellas c\u00edrculos que las cierran. Por eso me encanta la psicogeograf\u00eda y escuchar los recuerdos de las personas, rastrear sus trayectorias.<\/p>\n<p>Cuando el Ayuntamiento (en concreto CiudaDistrito) me propuso, como una idea loca en mitad de una reuni\u00f3n, hacer un programa de radio en mi barrio y sobre el Carnaval, en que hablar con mis vecinas y con participantes de las fiestas, se me aceler\u00f3 mogoll\u00f3n el coraz\u00f3n, porque me estaban dando la oportunidad de hacer algo que adoro en un formato que toda mi vida ha sido segunda piel: las voces, los sonidos, la m\u00fasica, <strong>la radio<\/strong>.<\/p>\n<p>Estudiar periodismo, dedicarme a la redacci\u00f3n, me ha alejado siempre, profesionalmente, de la radio. En mi carrera apenas se tocaba, era territorio de los de audiovisuales. Mientras estudiaba, solicit\u00e9 unas pr\u00e1cticas que, tras unas pruebas de dos o tres d\u00edas, me denegaron. Me dijeron que no era lo m\u00edo. Cuando sucedi\u00f3 eso, yo ya llevaba unos a\u00f1os de radio libre a mis espaldas. Desde la primera vez que puse el pie en Radio Carcoma, no quise salir jam\u00e1s. Pasaba en aquel s\u00f3tano de la calle Esfinge todo el tiempo que pod\u00eda y hac\u00eda de todo: programas, guiones, entrevistas, permanencias, controles, asambleas, coberturas&#8230; Todo lo que no me ense\u00f1aron en la universidad (y cosas que, aunque me hubiera ense\u00f1ado radio, tampoco me las habr\u00edan contado), lo aprend\u00ed en Radio Carcoma. (Donde todo empez\u00f3, para m\u00ed).<\/p>\n<p><a data-flickr-embed=\"true\"  href=\"https:\/\/www.flickr.com\/photos\/elenac\/3647344837\/in\/photolist-6YwSqs-8gimeb-auZGdm-88yhHB-8AWnEi-8AWnEe-6ypTSU-8CPz82-6yiAxP-8FcSCa-7Y2rir-6ynJb1-8CPvMK-8EH1pb-8FcSzZ-8FcSx2-6ykLhR-aG3w1X-GQfZ-25Edh-8EH1sw-8EH1qS-8SVVC4-88BnhE-9sENHs-9eHXh7-9gAn9i-8GtcDW-9gDo4Y-7hQPrZ-7nScZe-9k95Kg-9k95GR-739u2n-7mdEj6-71x1e3-ayJ3NQ-9M6vLf-9ifiXV-9iinY7-9eETcV-9M6vHu-32X6a-7mhxDY-9k95Ez-7cFxJ7-71x1rs-77eeUh-77ahRR-77eeL3\" title=\"Los viejos d\u00edas de Radio Carcoma\"><img loading=\"lazy\" decoding=\"async\" src=\"https:\/\/farm4.staticflickr.com\/3304\/3647344837_8a6a148430_z.jpg\" width=\"640\" height=\"440\" alt=\"Los viejos d\u00edas de Radio Carcoma\"><\/a><script async src=\"\/\/embedr.flickr.com\/assets\/client-code.js\" charset=\"utf-8\"><\/script><\/p>\n<p><a data-flickr-embed=\"true\"  href=\"https:\/\/www.flickr.com\/photos\/elenac\/5011173745\/in\/photolist-8CPznk-6YwSqs-8CPz82-8FcSx2-aG3w1X-8EH1sw-9eHXh7-7hQPrZ-9gDo4Y-7mdEj6-9M6vLf-9ifiXV-9iinY7-7mhxDY-71x1rs-6ynJb1\" title=\"Programa dedicado a Octave Mirbeau\"><img loading=\"lazy\" decoding=\"async\" src=\"https:\/\/farm5.staticflickr.com\/4145\/5011173745_1dcc10ce2e_z.jpg\" width=\"600\" height=\"400\" alt=\"Programa dedicado a Octave Mirbeau\"><\/a><script async src=\"\/\/embedr.flickr.com\/assets\/client-code.js\" charset=\"utf-8\"><\/script><\/p>\n<p>En aquella reuni\u00f3n con CiudaDistrito en la que me propusieron hacer un programa de radio durante el Carnaval, me vino a la cabeza un recuerdo enterrado de unos 26 a\u00f1os atr\u00e1s. Yo tendr\u00eda 17 a\u00f1os. Radio Carcoma era parte del proyecto de la Asociaci\u00f3n de Vecinos de Canillejas y, como tal, se participaba en todo lo que se hiciera en el barrio para hacer ruido, para reivindicar cosas, para sumar participaci\u00f3n. (Al igual que hace la Asociaci\u00f3n de Vecinos Valle-Incl\u00e1n en Prosperidad). Era Carnaval y la radio particip\u00f3 en el pasacalles. Organizamos una cobertura. Obviamente, no hab\u00eda m\u00f3viles, as\u00ed que hac\u00edamos conexiones desde las cabinas. No me acuerdo de mucho, pero me recuerdo llamando a la emisora, contando que la comparsa de la radio acababa de pasarme por delante.<\/p>\n<p>As\u00ed que, en realidad, vengo haciendo lo mismo toda mi vida, aunque espero haber aprendido algo en este camino y hacerlo mejor. Me tenso, me agobio y me estreso porque est\u00e1 en mi naturaleza, pero lo paso tan bien cuando hago radio, que me desbordo en agradecimiento a las personas de CiudaDistrito, Madrid Destino, el \u00e1rea de Cultura del Ayuntamiento y M21 que me han confiado el proyecto de <a href=\"https:\/\/www.m21radio.es\/programas\/carnaval-2019\">La Radio del Carnaval<\/a>, a m\u00ed, esta chica de las radios libres, los podcast y los fanzines que, seg\u00fan los de la emisora que me denegaron las pr\u00e1cticas, no val\u00eda para esto.<\/p>\n<p>Supongo que, a veces, no estar formada a la manera formal, puede ser una ventaja.<\/p>\n<p>Durante las seis horas de radio que hicimos en directo desde la plaza de Prosperidad, tuve a unos compa\u00f1eros geniales: Pedro Toro, Alberto Haj-Saleh, Elisabeth Falomir y Manu Santaella, lo que viene a ser el equipo de <a href=\"http:\/\/hostiaunlibro.com\/\">Hostia Un Libro<\/a> (Los Incre\u00edbles HUL, perpetradores del programa de M21 <a href=\"https:\/\/www.m21radio.es\/programas\/el-ultimo-moyano\">El \u00daltimo Moyano<\/a>). La tranquilidad, seguridad, desparpajo y capacidad de improvisaci\u00f3n de esta gente es maravillosa.<\/p>\n<p>Otra persona estupenda con la que hacer una producci\u00f3n radiof\u00f3nica resulta como bailar un vals, es Alfonso \u00c1lvarez Ca\u00f1ero, el nuevo Jefe T\u00e9cnico de M21 con quien he trabajado en el primer <a href=\"https:\/\/www.m21radio.es\/programas\/directo-salvaje\">Directo Salvaje<\/a>, en La Radio del Carnaval y espero que en muchas otras. Ya he dicho que con lo fat\u00eddica y pesimista que soy, me viene bien tener gente templada a mi alrededor.<\/p>\n<p>As\u00ed que el Ayuntamiento nos coloc\u00f3 all\u00ed una hermosa caseta acristalada (hermosa, de verdad, porque yo me hab\u00eda imaginado una mesa y poco m\u00e1s)&#8230;<\/p>\n<p><a title=\"Carnaval de Madrid 2019\" href=\"https:\/\/www.flickr.com\/photos\/elenacabreramontero\/47300079512\/in\/dateposted-public\/\" data-flickr-embed=\"true\"><img loading=\"lazy\" decoding=\"async\" class=\"aligncenter\" src=\"https:\/\/farm8.staticflickr.com\/7831\/47300079512_419b224a4f_z.jpg\" alt=\"Carnaval de Madrid 2019\" width=\"640\" height=\"360\" \/><\/a><script async src=\"\/\/embedr.flickr.com\/assets\/client-code.js\" charset=\"utf-8\"><\/script><\/p>\n<p>&#8230; y ejecutamos los dos programas con la alegr\u00eda, el color, el trote y la complicidad que merece una buena celebraci\u00f3n del Carnaval. Nuestra pretensi\u00f3n era hablar con el barrio, as\u00ed, en colectivo. Que pasaran muchas voces por los micr\u00f3fonos, que la conversaci\u00f3n fuera amplia y diversa, que todas esas personas se sintieran c\u00f3modas y representadas, que vieran esa caseta lo m\u00e1s cercano posible a una mesa camilla, pero que tambi\u00e9n fuera en parte un escenario, un teatrillo, un lugar en el que se representa una funci\u00f3n divertida y atrevida.<\/p>\n<p>Hablamos con Antonio Pr\u00e1xedes, <a href=\"https:\/\/urbancidades.wordpress.com\/\">Enrique F. Rojo<\/a>, Gisela Meyer de la <a href=\"http:\/\/www.prospereando.es\/\">Valle-Incl\u00e1n<\/a>, Francisco Javier Mart\u00edn Herreros de <a href=\"https:\/\/15mpedia.org\/wiki\/Chamart%C3%ADn\">15M Chamart\u00edn<\/a>, Soraya Pullaguari de <a href=\"https:\/\/stopdesahucioschamartin.wordpress.com\/\">Stop Desahucios Chamart\u00edn<\/a>, Paloma de <a href=\"http:\/\/prosperesiste.nodo50.org\/?cat=677\">Feministas Prospe<\/a>, Pepe Tarduchi y Jos\u00e9 Mar\u00eda Alfaya, Asis y Nico, Eleonor y Gabriela, Alicia y Adri\u00e1n, <a href=\"http:\/\/fouce.net\/\">H\u00e9ctor Fouce<\/a>, Amelia Die de <a href=\"https:\/\/www.facebook.com\/Berl%C3%ADn-Teatro-148586251849020\/\">Berl\u00edn Teatro<\/a>, Montse Mart\u00ednez de <a href=\"http:\/\/teatroprosperidad.com\/\">Teatro Prosperidad<\/a>, In\u00e9s de la Iglesia de <a href=\"https:\/\/www.teatropradillo.com\/\">Teatro Pradillo<\/a>, Leticia Garc\u00eda de <a href=\"https:\/\/ciudadistrito.es\/\">CiudaDistrito<\/a>, Jordi S\u00e1nchez de <a href=\"http:\/\/www.oschamartin.org\/\">Fundaci\u00f3n Orquesta Sinf\u00f3nica Chamart\u00edn<\/a>, Ricardo Fraile de la <a href=\"http:\/\/www.arrabel.net\/\">Asociaci\u00f3n Arrabel<\/a>, <a href=\"http:\/\/www.mecanisburgo.com\/\">Servando Carballar<\/a>, <a href=\"https:\/\/casadragon.bandcamp.com\/releases\">Miguel Ayuso<\/a>, Paloma Serrano de la tienda de discos <a href=\"https:\/\/www.lanegrashop.es\/\">La Negra<\/a>, Esteban Fern\u00e1ndez de la pasteler\u00eda <a href=\"https:\/\/www.google.com\/maps\/place\/Valle+Olid\/@40.4436415,-3.6763862,17z\/data=!3m1!4b1!4m5!3m4!1s0xd4228c52e377f4d:0xd4d64516cc436b1!8m2!3d40.4436415!4d-3.6741975\">Valle Olid<\/a>, Pedro Bermejo de la librer\u00eda <a href=\"http:\/\/www.elbuscon.es\/\">El Busc\u00f3n<\/a>, <a href=\"http:\/\/francisconixon.blogspot.com\/\">Francisco Nixon<\/a> y la ilustradora <a href=\"http:\/\/rcaxero.com\/new\/\">Roc\u00edo Ca\u00f1ero<\/a>, creadora de las geniales m\u00e1scaras que han dado identidad al Carnaval 2019. adem\u00e1s de toda la gente espont\u00e1nea que se acerc\u00f3 a los micros inal\u00e1mbricos de Alberto y Elisabeth.<\/p>\n<p><a title=\"Carnaval de Madrid 2019\" href=\"https:\/\/www.flickr.com\/photos\/elenacabreramontero\/albums\/72157677134744427\" data-flickr-embed=\"true\" data-header=\"true\" data-footer=\"true\"><img loading=\"lazy\" decoding=\"async\" class=\"aligncenter\" src=\"https:\/\/farm8.staticflickr.com\/7828\/32410927797_cd07c830ed.jpg\" alt=\"Carnaval de Madrid 2019\" width=\"500\" height=\"375\" \/><\/a><script async src=\"\/\/embedr.flickr.com\/assets\/client-code.js\" charset=\"utf-8\"><\/script><\/p>\n<p>Y, lo que fue maravilloso, es que hubo m\u00fasica en directo. Casa Drag\u00f3n (grupo hermano de Juana Chicharro y residentes en Prosperidad) puso la m\u00fasica al programa del s\u00e1bado, tocando en directo en un escenario en la plaza. Y The Urban Voodoo Machine Marching Band nos dio un miniconcierto al final del programa del viernes, casi de manera improvisada, que sali\u00f3 fenomenal gracias a los recursos siempre sin fin de Manu Santaella (\u00a1siempre con una sonrisa!). Tambi\u00e9n Jos\u00e9 Mar\u00eda Alfaya trajo su guitarra y hubo canciones, que cant\u00f3 junto a Tarduchi, el cual por cierto se revel\u00f3 como invitado y se atrevi\u00f3 a entrevistar a unos curiosos personajes que se sac\u00f3 de la manga, ante un Alberto Haj-Saleh ofendid\u00edsimo.<\/p>\n<p>Yo s\u00e9 que qued\u00f3 mucha gente fuera, muchas historias de lado. Otras seis horas de radio y hubiera podido montar otros dos programas totalmente diferentes. Ya me gustar\u00eda a m\u00ed hacer uno de estos cada semana. Tambi\u00e9n podr\u00eda hablarte de las cosas que se dijeron, pero creo que es m\u00e1s bonito <a href=\"https:\/\/www.m21radio.es\/programas\/carnaval-2019\" target=\"_blank\" rel=\"noopener\">escuchar los programas<\/a>, que adem\u00e1s de la urgencia de lo que acontece y del contexto en el que se cuenta, hay mucho que sirve para siempre: historias del carnaval, del barrio, de lo que nos ata\u00f1e, nos toca y nos preocupa, de lo que nos divierte.<\/p>\n<p>&nbsp;<\/p>\n<p><iframe loading=\"lazy\" src=\"https:\/\/www.m21radio.es\/podcast\/carnaval-2019\/especial-carnaval-2019-01032019?output=embed\" width=\"100%\" height=\"330\" frameborder=\"0\" scrolling=\"no\" allowfullscreen=\"allowfullscreen\"><\/iframe><\/p>\n<p><iframe loading=\"lazy\" src=\"https:\/\/www.m21radio.es\/podcast\/carnaval-2019\/especial-carnaval-2019-02032019?output=embed\" width=\"100%\" height=\"330\" frameborder=\"0\" scrolling=\"no\" allowfullscreen=\"allowfullscreen\"><\/iframe><\/p>\n","protected":false},"excerpt":{"rendered":"<p>Si hace un a\u00f1o me hubieras dicho que har\u00eda un programa de radio sobre el Carnaval desde la plaza de mi barrio, Prosperidad, te habr\u00eda preguntado que con qu\u00e9 te drogas. Aunque es verdad que, hace casi un a\u00f1o, las cosas empezaron a torcerse en mi anterior trabajo y estaba a punto de ser despedida&#8230; [&hellip;]<\/p>\n","protected":false},"author":1,"featured_media":2002002366,"comment_status":"closed","ping_status":"closed","sticky":false,"template":"","format":"standard","meta":{"footnotes":""},"categories":[3],"tags":[],"class_list":["post-2002002360","post","type-post","status-publish","format-standard","has-post-thumbnail","hentry","category-twentytwentyfive"],"_links":{"self":[{"href":"http:\/\/www.elenacabrera.com\/weblog3\/wp-json\/wp\/v2\/posts\/2002002360","targetHints":{"allow":["GET"]}}],"collection":[{"href":"http:\/\/www.elenacabrera.com\/weblog3\/wp-json\/wp\/v2\/posts"}],"about":[{"href":"http:\/\/www.elenacabrera.com\/weblog3\/wp-json\/wp\/v2\/types\/post"}],"author":[{"embeddable":true,"href":"http:\/\/www.elenacabrera.com\/weblog3\/wp-json\/wp\/v2\/users\/1"}],"replies":[{"embeddable":true,"href":"http:\/\/www.elenacabrera.com\/weblog3\/wp-json\/wp\/v2\/comments?post=2002002360"}],"version-history":[{"count":6,"href":"http:\/\/www.elenacabrera.com\/weblog3\/wp-json\/wp\/v2\/posts\/2002002360\/revisions"}],"predecessor-version":[{"id":2002002412,"href":"http:\/\/www.elenacabrera.com\/weblog3\/wp-json\/wp\/v2\/posts\/2002002360\/revisions\/2002002412"}],"wp:featuredmedia":[{"embeddable":true,"href":"http:\/\/www.elenacabrera.com\/weblog3\/wp-json\/wp\/v2\/media\/2002002366"}],"wp:attachment":[{"href":"http:\/\/www.elenacabrera.com\/weblog3\/wp-json\/wp\/v2\/media?parent=2002002360"}],"wp:term":[{"taxonomy":"category","embeddable":true,"href":"http:\/\/www.elenacabrera.com\/weblog3\/wp-json\/wp\/v2\/categories?post=2002002360"},{"taxonomy":"post_tag","embeddable":true,"href":"http:\/\/www.elenacabrera.com\/weblog3\/wp-json\/wp\/v2\/tags?post=2002002360"}],"curies":[{"name":"wp","href":"https:\/\/api.w.org\/{rel}","templated":true}]}}