{"id":2002002416,"date":"2019-03-07T11:45:50","date_gmt":"2019-03-07T09:45:50","guid":{"rendered":"http:\/\/www.elenacabrera.com\/weblog\/?p=2002002416"},"modified":"2019-03-12T11:48:59","modified_gmt":"2019-03-12T09:48:59","slug":"aquellos-gallegos-deportados-a-los-campos-de-exterminio-nazis","status":"publish","type":"post","link":"http:\/\/www.elenacabrera.com\/weblog3\/2019\/03\/07\/aquellos-gallegos-deportados-a-los-campos-de-exterminio-nazis\/","title":{"rendered":"Aquellos gallegos deportados a los campos de exterminio nazis"},"content":{"rendered":"<p>La desmentida neutralidad espa\u00f1ola en la Segunda Guerra Mundial es probablemente la causa principal de la vergonzosa invisibilidad de los espa\u00f1oles en los campos de exterminio nazi.<\/p>\n<p>Incluso la celebrada exposici\u00f3n sobre Auschwitz en Madrid, visitada por m\u00e1s de 600.000 personas y que en mayo llegar\u00e1 a Nueva York, no contemplaba esta parte de la historia hasta que la Asociaci\u00f3n por la Recuperaci\u00f3n de la Memoria Hist\u00f3rica (ARMH) se quej\u00f3 sobre ello.<\/p>\n<p>Es m\u00e1s, estaba plagada de errores, como que murieron 3.500 espa\u00f1oles en Mauthausen cuando se conoce que fueron 4.816 (de los 7.532 hombres, mujeres y ni\u00f1os espa\u00f1oles encerrados all\u00ed).<\/p>\n<p>Tampoco hab\u00eda menci\u00f3n alguna a la responsabilidad del ministro franquista Serrano Su\u00f1er en la deportaci\u00f3n a Mauthausen de los miles de espa\u00f1oles exiliados a Francia tras la Guerra Civil y que fueron capturados por los nazis en la invasi\u00f3n de ese pa\u00eds.<\/p>\n<p>El papel del ministro de Gobernaci\u00f3n es clave para el desmontaje de la supuesta neutralidad del r\u00e9gimen de Franco, pues a la pregunta del III Reich sobre qu\u00e9 deb\u00edan hacer los prisioneros espa\u00f1oles, la respuesta fue que \u201cno hab\u00eda espa\u00f1oles fuera de Espa\u00f1a\u201d. Y as\u00ed es como se dio v\u00eda libre a una nueva masacre.<\/p>\n<p style=\"text-align: right;\"><a href=\"https:\/\/www.lasexta.com\/tribus-ocultas\/artes\/aquellos-gallegos-deportados-campos-exterminio-nazis-franquismo_201903055c80d9410cf247bf2e0061ba.html\">&#8230;Sigue leyendo en Tribus Ocultas \/ Lasexta.com<\/a><\/p>\n","protected":false},"excerpt":{"rendered":"<p>La desmentida neutralidad espa\u00f1ola en la Segunda Guerra Mundial es probablemente la causa principal de la vergonzosa invisibilidad de los espa\u00f1oles en los campos de exterminio nazi. Incluso la celebrada exposici\u00f3n sobre Auschwitz en Madrid, visitada por m\u00e1s de 600.000 personas y que en mayo llegar\u00e1 a Nueva York, no contemplaba esta parte de la [&hellip;]<\/p>\n","protected":false},"author":1,"featured_media":2002002417,"comment_status":"closed","ping_status":"closed","sticky":false,"template":"","format":"standard","meta":{"footnotes":""},"categories":[],"tags":[],"class_list":["post-2002002416","post","type-post","status-publish","format-standard","has-post-thumbnail","hentry"],"_links":{"self":[{"href":"http:\/\/www.elenacabrera.com\/weblog3\/wp-json\/wp\/v2\/posts\/2002002416","targetHints":{"allow":["GET"]}}],"collection":[{"href":"http:\/\/www.elenacabrera.com\/weblog3\/wp-json\/wp\/v2\/posts"}],"about":[{"href":"http:\/\/www.elenacabrera.com\/weblog3\/wp-json\/wp\/v2\/types\/post"}],"author":[{"embeddable":true,"href":"http:\/\/www.elenacabrera.com\/weblog3\/wp-json\/wp\/v2\/users\/1"}],"replies":[{"embeddable":true,"href":"http:\/\/www.elenacabrera.com\/weblog3\/wp-json\/wp\/v2\/comments?post=2002002416"}],"version-history":[{"count":1,"href":"http:\/\/www.elenacabrera.com\/weblog3\/wp-json\/wp\/v2\/posts\/2002002416\/revisions"}],"predecessor-version":[{"id":2002002418,"href":"http:\/\/www.elenacabrera.com\/weblog3\/wp-json\/wp\/v2\/posts\/2002002416\/revisions\/2002002418"}],"wp:featuredmedia":[{"embeddable":true,"href":"http:\/\/www.elenacabrera.com\/weblog3\/wp-json\/wp\/v2\/media\/2002002417"}],"wp:attachment":[{"href":"http:\/\/www.elenacabrera.com\/weblog3\/wp-json\/wp\/v2\/media?parent=2002002416"}],"wp:term":[{"taxonomy":"category","embeddable":true,"href":"http:\/\/www.elenacabrera.com\/weblog3\/wp-json\/wp\/v2\/categories?post=2002002416"},{"taxonomy":"post_tag","embeddable":true,"href":"http:\/\/www.elenacabrera.com\/weblog3\/wp-json\/wp\/v2\/tags?post=2002002416"}],"curies":[{"name":"wp","href":"https:\/\/api.w.org\/{rel}","templated":true}]}}