{"id":2002002419,"date":"2019-02-26T11:49:50","date_gmt":"2019-02-26T09:49:50","guid":{"rendered":"http:\/\/www.elenacabrera.com\/weblog\/?p=2002002419"},"modified":"2019-03-12T11:57:17","modified_gmt":"2019-03-12T09:57:17","slug":"y-el-diablo-trajo-el-escandalo","status":"publish","type":"post","link":"http:\/\/www.elenacabrera.com\/weblog3\/2019\/02\/26\/y-el-diablo-trajo-el-escandalo\/","title":{"rendered":"Y el Diablo trajo el esc\u00e1ndalo"},"content":{"rendered":"<p>Cuenta la leyenda que una joven segoviana, de profesi\u00f3n aguadora, tuvo un encuentro nocturno con el diablo. Harta, como no se puede estar de otra manera, de acarrear el c\u00e1ntaro por las calles empinadas de la ciudad, escuch\u00f3 la oferta del maligno personaje: si consigo que el agua llegue sola hasta tu casa, me entregar\u00e1s tu alma. Qu\u00e9 tentador aunque desalmado trato.<\/p>\n<p>Ella acept\u00f3, no sin remordimientos. El diablo trabaj\u00f3 a conciencia construyendo un inmenso acueducto pero, en el momento en el que el gallo cant\u00f3 al alba, faltaba todav\u00eda la \u00faltima piedra por colocar. El demonio hab\u00eda trabajado en vano, la moza conserv\u00f3 su alma atormentada y Segovia se gan\u00f3 un acueducto pr\u00e1cticamente terminado.<\/p>\n<p>Si esto hubiera sucedido hoy, el diablo se habr\u00eda sacado un selfie antes de irse a corromper almas a otra ciudad. Y es eso lo que representa la escultura de Jos\u00e9 Antonio Abella en la calle San Juan: un ser bien encornado, rechoncho, desnudete y hasta contento, que se toma una foto con el m\u00f3vil delante de una impresionante perspectiva del acueducto romano.<\/p>\n<p>Antes de que esa obra de bronce fuera instalada el pasado 23 de enero, el tejido reaccionario segoviano se puso en pie. Una petici\u00f3n de firmas en una plataforma online aleg\u00f3 que la representaci\u00f3n bonachona del diablo ofende a los cat\u00f3licos porque representa una \u201cexaltaci\u00f3n del mal\u201d.<\/p>\n<p style=\"text-align: right;\"><a href=\"https:\/\/www.lasexta.com\/tribus-ocultas\/artes\/que-ofende-que-arte-recree-diablo-libertad-expresion-culto-amparan-estos-artistas_201902255c74fad50cf2eb77df7743ea.html\">&#8230;Sigue leyendo en Tribus Ocultas \/ Lasexta.com<\/a><\/p>\n","protected":false},"excerpt":{"rendered":"<p>Cuenta la leyenda que una joven segoviana, de profesi\u00f3n aguadora, tuvo un encuentro nocturno con el diablo. Harta, como no se puede estar de otra manera, de acarrear el c\u00e1ntaro por las calles empinadas de la ciudad, escuch\u00f3 la oferta del maligno personaje: si consigo que el agua llegue sola hasta tu casa, me entregar\u00e1s [&hellip;]<\/p>\n","protected":false},"author":1,"featured_media":2002002420,"comment_status":"closed","ping_status":"closed","sticky":false,"template":"","format":"standard","meta":{"footnotes":""},"categories":[],"tags":[],"class_list":["post-2002002419","post","type-post","status-publish","format-standard","has-post-thumbnail","hentry"],"_links":{"self":[{"href":"http:\/\/www.elenacabrera.com\/weblog3\/wp-json\/wp\/v2\/posts\/2002002419","targetHints":{"allow":["GET"]}}],"collection":[{"href":"http:\/\/www.elenacabrera.com\/weblog3\/wp-json\/wp\/v2\/posts"}],"about":[{"href":"http:\/\/www.elenacabrera.com\/weblog3\/wp-json\/wp\/v2\/types\/post"}],"author":[{"embeddable":true,"href":"http:\/\/www.elenacabrera.com\/weblog3\/wp-json\/wp\/v2\/users\/1"}],"replies":[{"embeddable":true,"href":"http:\/\/www.elenacabrera.com\/weblog3\/wp-json\/wp\/v2\/comments?post=2002002419"}],"version-history":[{"count":1,"href":"http:\/\/www.elenacabrera.com\/weblog3\/wp-json\/wp\/v2\/posts\/2002002419\/revisions"}],"predecessor-version":[{"id":2002002421,"href":"http:\/\/www.elenacabrera.com\/weblog3\/wp-json\/wp\/v2\/posts\/2002002419\/revisions\/2002002421"}],"wp:featuredmedia":[{"embeddable":true,"href":"http:\/\/www.elenacabrera.com\/weblog3\/wp-json\/wp\/v2\/media\/2002002420"}],"wp:attachment":[{"href":"http:\/\/www.elenacabrera.com\/weblog3\/wp-json\/wp\/v2\/media?parent=2002002419"}],"wp:term":[{"taxonomy":"category","embeddable":true,"href":"http:\/\/www.elenacabrera.com\/weblog3\/wp-json\/wp\/v2\/categories?post=2002002419"},{"taxonomy":"post_tag","embeddable":true,"href":"http:\/\/www.elenacabrera.com\/weblog3\/wp-json\/wp\/v2\/tags?post=2002002419"}],"curies":[{"name":"wp","href":"https:\/\/api.w.org\/{rel}","templated":true}]}}