{"id":2002002422,"date":"2019-02-25T11:57:41","date_gmt":"2019-02-25T09:57:41","guid":{"rendered":"http:\/\/www.elenacabrera.com\/weblog\/?p=2002002422"},"modified":"2019-03-12T12:05:02","modified_gmt":"2019-03-12T10:05:02","slug":"siete-motivos-para-hacer-cuentos-sobre-la-cosa-vasca","status":"publish","type":"post","link":"http:\/\/www.elenacabrera.com\/weblog3\/2019\/02\/25\/siete-motivos-para-hacer-cuentos-sobre-la-cosa-vasca\/","title":{"rendered":"Siete motivos para hacer cuentos sobre La Cosa vasca"},"content":{"rendered":"<p>La cuadrilla de amigos del escritor Iban Zaldua llamaba La Cosa al \u201cconflicto vasco\u201d, \u201cla violencia vasca\u201d o el \u201cterrorismo vasco\u201d. No solo es m\u00e1s r\u00e1pido y corto sino que tambi\u00e9n evita tener que escoger entre \u201cconflicto\u201d, \u201cviolencia\u201d o \u201cterrorismo\u201d, pues la elecci\u00f3n trae consigo un posicionamiento, as\u00ed ya de entrada, sin haber conseguido arrancar, ni tan siquiera, la conversaci\u00f3n.<\/p>\n<p>En su cuento corto &#8216;El escondite&#8217;, un etarra que acaba de cometer un atentado busca refugio en la casa de un amigo al que no ve desde que salieron del instituto. En el extra\u00f1o reencuentro les une la m\u00fasica: uno pone discos de Echo &amp; The Bunnymen y Japan, mientras el terrorista huido preferir\u00eda escuchar a Oasis, The Charlatans o Radiohead.<\/p>\n<p>Hay un estereotipo sobre qu\u00e9 m\u00fasica nos imaginamos que escucha un joven abertzale, pero Zaldua lo estalla siempre por los aires. Como aquel protagonista de \u201cA89, La Transeurop\u00e9enne\u201d que escucha \u201cAutobahn\u201d de Kraftwerk, forzado por su compa\u00f1ero de viaje, en el coche que conducen hacia la c\u00e1rcel en la que cumple condena su hermano.<\/p>\n<p>O la cuadrilla de amigos de Zaldua ha crecido mucho, o el t\u00e9rmino se les ha ido de las manos, porque la escritora Edurne Portela lo utiliza tambi\u00e9n en su pr\u00f3logo a &#8216;Como si todo hubiera pasado&#8217;, el reciente libro de relatos sobre La Cosa escrito por Iban Zaldua.<\/p>\n<p style=\"text-align: right;\"><a href=\"https:\/\/www.lasexta.com\/tribus-ocultas\/libros\/siete-motivos-hacer-cuentos-etarras_201902215c7377480cf25f691ba2e025.html\">&#8230;Sigue leyendo en Tribus Ocultas \/ Lasexta.com<\/a><\/p>\n","protected":false},"excerpt":{"rendered":"<p>La cuadrilla de amigos del escritor Iban Zaldua llamaba La Cosa al \u201cconflicto vasco\u201d, \u201cla violencia vasca\u201d o el \u201cterrorismo vasco\u201d. No solo es m\u00e1s r\u00e1pido y corto sino que tambi\u00e9n evita tener que escoger entre \u201cconflicto\u201d, \u201cviolencia\u201d o \u201cterrorismo\u201d, pues la elecci\u00f3n trae consigo un posicionamiento, as\u00ed ya de entrada, sin haber conseguido arrancar, [&hellip;]<\/p>\n","protected":false},"author":1,"featured_media":2002002423,"comment_status":"closed","ping_status":"closed","sticky":false,"template":"","format":"standard","meta":{"footnotes":""},"categories":[],"tags":[],"class_list":["post-2002002422","post","type-post","status-publish","format-standard","has-post-thumbnail","hentry"],"_links":{"self":[{"href":"http:\/\/www.elenacabrera.com\/weblog3\/wp-json\/wp\/v2\/posts\/2002002422","targetHints":{"allow":["GET"]}}],"collection":[{"href":"http:\/\/www.elenacabrera.com\/weblog3\/wp-json\/wp\/v2\/posts"}],"about":[{"href":"http:\/\/www.elenacabrera.com\/weblog3\/wp-json\/wp\/v2\/types\/post"}],"author":[{"embeddable":true,"href":"http:\/\/www.elenacabrera.com\/weblog3\/wp-json\/wp\/v2\/users\/1"}],"replies":[{"embeddable":true,"href":"http:\/\/www.elenacabrera.com\/weblog3\/wp-json\/wp\/v2\/comments?post=2002002422"}],"version-history":[{"count":1,"href":"http:\/\/www.elenacabrera.com\/weblog3\/wp-json\/wp\/v2\/posts\/2002002422\/revisions"}],"predecessor-version":[{"id":2002002424,"href":"http:\/\/www.elenacabrera.com\/weblog3\/wp-json\/wp\/v2\/posts\/2002002422\/revisions\/2002002424"}],"wp:featuredmedia":[{"embeddable":true,"href":"http:\/\/www.elenacabrera.com\/weblog3\/wp-json\/wp\/v2\/media\/2002002423"}],"wp:attachment":[{"href":"http:\/\/www.elenacabrera.com\/weblog3\/wp-json\/wp\/v2\/media?parent=2002002422"}],"wp:term":[{"taxonomy":"category","embeddable":true,"href":"http:\/\/www.elenacabrera.com\/weblog3\/wp-json\/wp\/v2\/categories?post=2002002422"},{"taxonomy":"post_tag","embeddable":true,"href":"http:\/\/www.elenacabrera.com\/weblog3\/wp-json\/wp\/v2\/tags?post=2002002422"}],"curies":[{"name":"wp","href":"https:\/\/api.w.org\/{rel}","templated":true}]}}