{"id":2002002433,"date":"2019-03-25T12:51:46","date_gmt":"2019-03-25T10:51:46","guid":{"rendered":"http:\/\/www.elenacabrera.com\/weblog\/?p=2002002433"},"modified":"2019-03-29T17:51:19","modified_gmt":"2019-03-29T15:51:19","slug":"paseos-por-la-prospe-inscripciones-abiertas","status":"publish","type":"post","link":"http:\/\/www.elenacabrera.com\/weblog3\/2019\/03\/25\/paseos-por-la-prospe-inscripciones-abiertas\/","title":{"rendered":"Paseos por La Prospe: inscripciones abiertas"},"content":{"rendered":"<p><span style=\"color: #ff0000;\"><strong>Actualizaci\u00f3n 29\/3\/2019:<\/strong> \u00a1Se han agotado las plazas para todos los paseos! \u00a1Muchas gracias por la acogida!<\/span><\/p>\n<hr \/>\n<p>En abril y mayo voy a realizar una serie de paseos guiados por el barrio de Prosperidad. Son gratuitos y los organiza CiudaDistrito y la Junta Municipal de Chamart\u00edn. Los recorridos duran unas dos horas y se har\u00e1n andando, pero el grupo adecuar\u00e1 el ritmo a las condiciones de las personas que vengan (movilidad reducida, mayores, infancia, carritos de beb\u00e9s, etc&#8230; todo el mundo es bienvenido).<\/p>\n<p>La inscripci\u00f3n ya est\u00e1 abierta pero el m\u00e1ximo de plazas es 20, as\u00ed que hay que darse prisa para apuntarse. M\u00e1s abajo pongo los enlaces. Para inscribirse y si hay alguna pregunta, he habilitado el correo <strong>paseos @ elenacabrera.com<\/strong><\/p>\n<p><a href=\"https:\/\/ciudadistrito.es\/evento\/69062\/la-memoria-musical-de-prosperidad\/\" target=\"_blank\" rel=\"noopener\"><strong>La memoria musical de Prosperidad<\/strong><\/a>.<br \/>\nS\u00e1bado 6 de abril a las 18:00 y domingo 12 de mayo a las 12:00.<br \/>\nEn este paseo se recorrer\u00e1 desde el lugar en el que estuvo el Rock-Ola al nuevo centro musical del barrio, la tienda de discos La Negra, pasando por locales que siguen abiertos y por otros cuyos restos habr\u00e1 que imaginar.<\/p>\n<p><strong><a href=\"https:\/\/ciudadistrito.es\/evento\/69050\/la-arquitectura-social-de-prosperidad\/\" target=\"_blank\" rel=\"noopener\">La arquitectura social de Prosperidad<\/a>.<\/strong><br \/>\nDomingo 7 de abril a las 12:00 y s\u00e1bado 11 de mayo a las 18:00.<br \/>\nEn este paseo se visitar\u00e1n las colonias hist\u00f3ricas creadas por la Obra Sindical del Hogar y sus edificios singulares: de la colonia Virgen del Pilar a la colonia obrera. Se har\u00e1 un recorrido que va desde la vanguardia de S\u00e1inz de Oiza en Torres Blancas a las corralas muy bien conservadas.<\/p>\n<p>Si quieres conocer otros barrios, ap\u00fantate a otros recorridos. La liminal organiza <a href=\"https:\/\/ciudadistrito.es\/evento\/68407\/fronteras-urbanas-limite-y-lugar-pacifico-adelfas-y-puente-de-vallecas\/\" target=\"_blank\" rel=\"noopener\">Fronteras urbanas: l\u00edmite y lugar<\/a> y <a href=\"https:\/\/ciudadistrito.es\/evento\/68409\/recuperando-la-memoria-femenina-del-barrio-de-pacifico\/\" target=\"_blank\" rel=\"noopener\">Recuperando la memoria femenina de Pac\u00edfico<\/a> por Retiro, y <a href=\"https:\/\/ciudadistrito.es\/evento\/68412\/madrid-is-different-el-gran-invento-del-turismo-y-otras-fabulas\/\" target=\"_blank\" rel=\"noopener\">\u00bfMadrid is different?<\/a> por Centro.<\/p>\n","protected":false},"excerpt":{"rendered":"<p>Actualizaci\u00f3n 29\/3\/2019: \u00a1Se han agotado las plazas para todos los paseos! \u00a1Muchas gracias por la acogida! En abril y mayo voy a realizar una serie de paseos guiados por el barrio de Prosperidad. Son gratuitos y los organiza CiudaDistrito y la Junta Municipal de Chamart\u00edn. Los recorridos duran unas dos horas y se har\u00e1n andando, [&hellip;]<\/p>\n","protected":false},"author":1,"featured_media":2002002434,"comment_status":"closed","ping_status":"closed","sticky":false,"template":"","format":"standard","meta":{"footnotes":""},"categories":[],"tags":[],"class_list":["post-2002002433","post","type-post","status-publish","format-standard","has-post-thumbnail","hentry"],"_links":{"self":[{"href":"http:\/\/www.elenacabrera.com\/weblog3\/wp-json\/wp\/v2\/posts\/2002002433","targetHints":{"allow":["GET"]}}],"collection":[{"href":"http:\/\/www.elenacabrera.com\/weblog3\/wp-json\/wp\/v2\/posts"}],"about":[{"href":"http:\/\/www.elenacabrera.com\/weblog3\/wp-json\/wp\/v2\/types\/post"}],"author":[{"embeddable":true,"href":"http:\/\/www.elenacabrera.com\/weblog3\/wp-json\/wp\/v2\/users\/1"}],"replies":[{"embeddable":true,"href":"http:\/\/www.elenacabrera.com\/weblog3\/wp-json\/wp\/v2\/comments?post=2002002433"}],"version-history":[{"count":3,"href":"http:\/\/www.elenacabrera.com\/weblog3\/wp-json\/wp\/v2\/posts\/2002002433\/revisions"}],"predecessor-version":[{"id":2002002446,"href":"http:\/\/www.elenacabrera.com\/weblog3\/wp-json\/wp\/v2\/posts\/2002002433\/revisions\/2002002446"}],"wp:featuredmedia":[{"embeddable":true,"href":"http:\/\/www.elenacabrera.com\/weblog3\/wp-json\/wp\/v2\/media\/2002002434"}],"wp:attachment":[{"href":"http:\/\/www.elenacabrera.com\/weblog3\/wp-json\/wp\/v2\/media?parent=2002002433"}],"wp:term":[{"taxonomy":"category","embeddable":true,"href":"http:\/\/www.elenacabrera.com\/weblog3\/wp-json\/wp\/v2\/categories?post=2002002433"},{"taxonomy":"post_tag","embeddable":true,"href":"http:\/\/www.elenacabrera.com\/weblog3\/wp-json\/wp\/v2\/tags?post=2002002433"}],"curies":[{"name":"wp","href":"https:\/\/api.w.org\/{rel}","templated":true}]}}