{"id":2002002437,"date":"2019-03-22T14:58:26","date_gmt":"2019-03-22T12:58:26","guid":{"rendered":"http:\/\/www.elenacabrera.com\/weblog\/?p=2002002437"},"modified":"2019-03-25T15:10:32","modified_gmt":"2019-03-25T13:10:32","slug":"asesinato-james-brown","status":"publish","type":"post","link":"http:\/\/www.elenacabrera.com\/weblog3\/2019\/03\/22\/asesinato-james-brown\/","title":{"rendered":"\u00bfFue James Brown asesinado?"},"content":{"rendered":"<p>Hace dos a\u00f1os, el periodista de la CNN Thomas Lake recibi\u00f3 una llamada de tel\u00e9fono. Aunque estas llamadas quedan muy bien en los relatos period\u00edsticos, por lo general, no llevan a ning\u00fan lado. En la mayor parte de los casos, estas llamadas est\u00e1n motivadas por intereses particulares, demasiado particulares.<\/p>\n<p>\u201cEn el periodismo, como en la vida, puedes encontrarte con cierto tipo de persona\u201d, escribe el periodista. \u201cEsta persona te cuenta una historia que incorpora una queja o una necesidad insatisfecha. Esta historia ya la has o\u00eddo antes. Piensas que puede ser una exageraci\u00f3n. Pero eso es lo que realmente te da miedo: que tambi\u00e9n podr\u00eda ser verdad. Y porque cabe la posibilidad de que sea verdad, tienes que hacer algo\u201d.<\/p>\n<p style=\"text-align: left;\">Thomas Lake tir\u00f3 del hilo y se qued\u00f3 enredado en la madeja. Poco a poco, teji\u00f3 algo con todo eso: <a href=\"https:\/\/edition.cnn.com\/interactive\/2019\/02\/us\/james-brown-death-questions\/\">un apasionante reportaje<\/a>.<\/p>\n<p style=\"text-align: right;\"><a href=\"https:\/\/www.lasexta.com\/tribus-ocultas\/musica\/fue-james-brown-asesinado_201903185c91e8ed0cf296e6433ba41e.html\" target=\"_blank\" rel=\"noopener\">&#8230;Sigue leyendo en Tribus Ocultas.<\/a><\/p>\n<hr \/>\n<p><em>La foto que acompa\u00f1a el post es de Patrick Quinn-Graham, de un edificio de Brighton.<\/em><\/p>\n","protected":false},"excerpt":{"rendered":"<p>Hace dos a\u00f1os, el periodista de la CNN Thomas Lake recibi\u00f3 una llamada de tel\u00e9fono. Aunque estas llamadas quedan muy bien en los relatos period\u00edsticos, por lo general, no llevan a ning\u00fan lado. En la mayor parte de los casos, estas llamadas est\u00e1n motivadas por intereses particulares, demasiado particulares. \u201cEn el periodismo, como en la [&hellip;]<\/p>\n","protected":false},"author":1,"featured_media":2002002440,"comment_status":"closed","ping_status":"closed","sticky":false,"template":"","format":"standard","meta":{"footnotes":""},"categories":[],"tags":[],"class_list":["post-2002002437","post","type-post","status-publish","format-standard","has-post-thumbnail","hentry"],"_links":{"self":[{"href":"http:\/\/www.elenacabrera.com\/weblog3\/wp-json\/wp\/v2\/posts\/2002002437","targetHints":{"allow":["GET"]}}],"collection":[{"href":"http:\/\/www.elenacabrera.com\/weblog3\/wp-json\/wp\/v2\/posts"}],"about":[{"href":"http:\/\/www.elenacabrera.com\/weblog3\/wp-json\/wp\/v2\/types\/post"}],"author":[{"embeddable":true,"href":"http:\/\/www.elenacabrera.com\/weblog3\/wp-json\/wp\/v2\/users\/1"}],"replies":[{"embeddable":true,"href":"http:\/\/www.elenacabrera.com\/weblog3\/wp-json\/wp\/v2\/comments?post=2002002437"}],"version-history":[{"count":3,"href":"http:\/\/www.elenacabrera.com\/weblog3\/wp-json\/wp\/v2\/posts\/2002002437\/revisions"}],"predecessor-version":[{"id":2002002441,"href":"http:\/\/www.elenacabrera.com\/weblog3\/wp-json\/wp\/v2\/posts\/2002002437\/revisions\/2002002441"}],"wp:featuredmedia":[{"embeddable":true,"href":"http:\/\/www.elenacabrera.com\/weblog3\/wp-json\/wp\/v2\/media\/2002002440"}],"wp:attachment":[{"href":"http:\/\/www.elenacabrera.com\/weblog3\/wp-json\/wp\/v2\/media?parent=2002002437"}],"wp:term":[{"taxonomy":"category","embeddable":true,"href":"http:\/\/www.elenacabrera.com\/weblog3\/wp-json\/wp\/v2\/categories?post=2002002437"},{"taxonomy":"post_tag","embeddable":true,"href":"http:\/\/www.elenacabrera.com\/weblog3\/wp-json\/wp\/v2\/tags?post=2002002437"}],"curies":[{"name":"wp","href":"https:\/\/api.w.org\/{rel}","templated":true}]}}