{"id":2002002452,"date":"2019-04-19T00:53:43","date_gmt":"2019-04-18T22:53:43","guid":{"rendered":"http:\/\/www.elenacabrera.com\/weblog\/?p=2002002452"},"modified":"2019-04-19T01:42:29","modified_gmt":"2019-04-18T23:42:29","slug":"viaje-teruel","status":"publish","type":"post","link":"http:\/\/www.elenacabrera.com\/weblog3\/2019\/04\/19\/viaje-teruel\/","title":{"rendered":"Viaje a Teruel"},"content":{"rendered":"<p>Unos d\u00edas despu\u00e9s de <a href=\"https:\/\/www.eldiario.es\/sociedad\/Arranca-Madrid-multitudinaria-Espana-Vaciada_0_883661801.html\" target=\"_blank\" rel=\"noopener\">la manifestaci\u00f3n en Madrid que reclamaba atenci\u00f3n sobre la Espa\u00f1a vaciada<\/a> (encabezada por las plataformas Teruel Existe y Soria \u00a1ya!), he tenido la oportunidad de comprobarlo por m\u00ed misma.<\/p>\n<p>\u00abAl final vamos a ser un<em class=\"mce\"> resort<\/em> de vacaciones para la gente de las ciudades\u00bb, dec\u00eda una maestra turulense llamada Elena y que hab\u00eda acudido a la manifestaci\u00f3n, junto con otras 50.000 personas. \u00abNo tenemos internet, no tenemos carreteras para llegar a los sitios\u00bb, dec\u00edan otras manifestantes. Y as\u00ed es. No solo no hay datos sino que tampoco hay cobertura m\u00f3vil en grandes \u00e1reas, mientras circulas por carreteras que las llamas as\u00ed por entendernos, pero est\u00e1n m\u00e1s cerca de ser caminos, cuando sucede que est\u00e1n enlazando los pueblos y ciudades m\u00e1s importantes de la provincia.<\/p>\n<p>El Maestrazgo es de una belleza polvorienta y seca. En su gran extensi\u00f3n, sus pueblos se abandonan distantes los unos de los otros. Ir de Cantavieja a Mirambel, por ejemplo, supone transitar carreteras estrechas sin pintar ni iluminar, donde coges las curvas entregando tu suerte a la escasa probabilidad de cruzarte, en ese momento, con un cami\u00f3n.<\/p>\n<p><img loading=\"lazy\" decoding=\"async\" class=\"size-medium alignleft\" src=\"https:\/\/live.staticflickr.com\/65535\/46912668714_d3e2bb3fcb.jpg\" width=\"334\" height=\"500\" \/>Me alegr\u00f3 encontrar, en la peque\u00f1a tienda de Villarluengo (luego lo ver\u00eda en otros locales) un peri\u00f3dico de 2.000 ejemplares gratuitos que sale seis veces al a\u00f1o, llamado <a href=\"http:\/\/maestrazgo.org\/periodico\/\">Maestrazgo Informaci\u00f3n<\/a>. Lo edita la Comarca del Maestrazgo y la Asociaci\u00f3n para el Desarrollo del Maestrazgo. Cuenta con dos corresponsales: Cristina Mall\u00e9n y Beatriz Borr\u00e1s. Llev\u00e9 sus 16 p\u00e1ginas conmigo durante el viaje y, ley\u00e9ndolo cuando par\u00e1bamos a tomar un caf\u00e9, me pude enterar de mucha vida invisible a los ojos del visitante. A menudo, lo \u00fanico que nos recib\u00eda en los pueblos era el viento fuerte, las cancelas cerradas y las oficinas de turismo desatendidas. Gracias al peri\u00f3dico supe que la uni\u00f3n y la fuerza de los vecinos de Santolea hab\u00eda conseguido que su puente medieval no quedara inundado por las aguas del futuro embalse. Tambi\u00e9n supe, gracias a la extensa y detallada cr\u00f3nica sobre las celebraciones de San Antonio, que en enero estos pueblos se llenan de hogueras y se celebran tradiciones m\u00e1s pagas que cristianas, como las diableras de Bord\u00f3n. a veces mir\u00e1bamos al cielo y nosotros, gente de ciudad, nos pregunt\u00e1bamos si aquellas aves ser\u00edan \u00e1guilas o buitres. Leyendo el peri\u00f3dico, supe que cuatro ejemplares de quebrantahuesos se hab\u00edan reintroducido justo por all\u00ed. Un periodismo, de verdad, importante y apasionante.<\/p>\n<p>Entramos a Mirambel precedidos por su fama. Es el pueblo al que P\u00edo Baroja ubic\u00f3 su novela <em>La venta de Mirambel,<\/em> y Ken Loach, <a href=\"http:\/\/www.mirambel.es\/el-pueblo-2\/cultura\/mirambel-de-cine\/\" target=\"_blank\" rel=\"noopener\">el rodaje de su pel\u00edcula <em>Tierra y Libertad<\/em><\/a>. En definitiva, \u00abuno de los pueblos m\u00e1s bonitos de Espa\u00f1a\u00bb, competici\u00f3n por la que muchos disputan por all\u00ed. Era por la tarde y ya estaba todo cerrado (incluidas las calles, o al menos lo parec\u00edan, de vac\u00edas que estaban), as\u00ed que no pudimos ver la exposici\u00f3n que el Ayuntamiento ha dedicado a la pel\u00edcula. Tan solo unos d\u00edas antes, Mirambel comunicaba que Ken Loach, a quien se esperaba por all\u00ed en los primeros d\u00edas de abril, <a href=\"http:\/\/www.mirambel.es\/2019\/04\/13\/ken-loach-director-de-tierra-y-libertad-pospone-su-visita-a-mirambel-para-comienzos-de-verano\/\" target=\"_blank\" rel=\"noopener\">pospon\u00eda su visita hasta el verano por motivos de salud<\/a>. No est\u00e1n, la verdad, las carreteras muy hechas para andar enfermo dando tumbos por ellas.<\/p>\n<p><img decoding=\"async\" class=\"aligncenter\" src=\"http:\/\/maestrazgo.org\/esdi\/wp-content\/uploads\/2017\/01\/Tierra-y-libertad-4-1024x576.jpg\" \/><\/p>\n<p>Junto al despoblamiento, el otro gran problema de la regi\u00f3n es el trabajo. Muchos pueblos de la comarca Cuentas Mineras viv\u00edan de la extracci\u00f3n. Hoy, ya no es el lignito lo que sale de la mina, sino los turistas despu\u00e9s de la visita guiada. Pozo Pilar y <a href=\"http:\/\/www.museomineroescucha.es\/\" target=\"_blank\" rel=\"noopener\">la mina Se Ver\u00e1<\/a> forman parte del Museo Minero de Escucha, el proyecto del pueblo por reconvertir su patrimonio industrial sin perderlo. La parte visitable de la mina Se Ver\u00e1, en Escucha, desciende 200 metros. Se baja mec\u00e1nicamente por los ra\u00edles en los que antes se transportaba el carb\u00f3n y se recorren galer\u00edas a las que se han incorporado maniqu\u00edes para mostrar las escasas equipaciones de seguridad que llevaban los mineros, cuyas cabezas vest\u00edan boinas en lugar de cascos.<\/p>\n<p><img decoding=\"async\" class=\"alignleft\" src=\"https:\/\/live.staticflickr.com\/65535\/32694315357_7ca975137e.jpg\" \/>La mina la cerr\u00f3 en 1968 la \u00faltima empresa que la explot\u00f3: Encaso, la <a href=\"https:\/\/tonicruzprensa.com\/2016\/04\/04\/calvo-sotelo-el-equipo-nacido-del-carbon-y-con-nombre-de-presidente-de-gobierno\/\" target=\"_blank\" rel=\"noopener\">Empresa Nacional Calvo Sotelo<\/a>, padre del que ser\u00eda presidente del Gobierno. A partir de esa fecha, sirvi\u00f3 de ventilaci\u00f3n para la mina anexa, <a href=\"https:\/\/www.cimpozopilarescucha.es\/es\/\" target=\"_blank\" rel=\"noopener\">Pozo Pilar<\/a>. Minas y Ferrocarril de Utrillas fue su empresa explotadora, la cual acab\u00f3 tan quebrada que el Ayuntamiento de Escucha compr\u00f3 lo que no hab\u00eda sido saqueado de ella, tras a\u00f1os de abandono, por un precio simb\u00f3lico (un euro, si recuerdo bien la respuesta de la gu\u00eda). Pozo Pilar hab\u00eda sido la mina m\u00e1s avanzada de Europa en los a\u00f1os 70. Parte de lo que queda de ella se ha acondicionado como una recreaci\u00f3n de las oficinas, la lampister\u00eda y la enfermer\u00eda.<\/p>\n<p>Fue la Asociaci\u00f3n para la Conservaci\u00f3n del Patrimonio Minero la que durante a\u00f1os busc\u00f3 la manera de reabrir la mina Se Ver\u00e1 para museizarla. En ella estaban algunos de los antiguos mineros. Lo consigui\u00f3 en 2002. Cuando la abrieron, llegaban entre 20.000 y 25.000 visitantes al a\u00f1o. Desde hace poco abren doce meses al a\u00f1o, por lo que me han dicho que deben ser muchos m\u00e1s.<\/p>\n<p>El museo de Se Ver\u00e1 da empleo a seis personas y a dos en Pozo Pilar. No es mucho, la verdad, para combatir el desempleo. Escucha es un municipio con un 14,9% de paro (en 2013 lleg\u00f3 a ser de 28,86%), en una poblaci\u00f3n que no alcanza los 900 habitantes.<\/p>\n<p><a title=\"Teruel\" href=\"https:\/\/www.flickr.com\/photos\/elenacabreramontero\/40670345973\/in\/dateposted-public\/\" data-flickr-embed=\"true\"><img loading=\"lazy\" decoding=\"async\" src=\"https:\/\/live.staticflickr.com\/65535\/40670345973_0c4a82a8b2_z.jpg\" alt=\"Teruel\" width=\"640\" height=\"427\" \/><\/a><script async src=\"\/\/embedr.flickr.com\/assets\/client-code.js\" charset=\"utf-8\"><\/script><\/p>\n<p>Otro de los pueblos que he visitado ha sido Montalb\u00e1n, donde el paro es menor (8,19%) y la poblaci\u00f3n tambi\u00e9n (1.243 habitantes), aunque Joaqu\u00edn, gu\u00eda voluntario en el peque\u00f1o pero apasionante museo geominero, me dijo que de la gente que quedaba en el pueblo, el 70 por ciento eran jubilados. Montalb\u00e1n tiene <a href=\"http:\/\/www.radiomontalban.com\/\" target=\"_blank\" rel=\"noopener\">una radio local<\/a> que emite en directo dos horas al d\u00eda por la tarde y un bolet\u00edn local que se llama <a href=\"https:\/\/montalban-fotos.blogspot.com\/p\/boletin-cantalobos.html\" target=\"_blank\" rel=\"noopener\">Cantalobos<\/a>, dirigido por Esperanza Mu\u00f1oz, el cual no pude ver por all\u00ed pero s\u00ed <a href=\"https:\/\/www.dropbox.com\/sh\/uc47c6xiia6bkl3\/AABRtsFgi_6N3_Ry8FNQhIRwa?dl=0\">descargar en este dropbox<\/a>. Tiene adem\u00e1s Montalb\u00e1n una <a href=\"http:\/\/patrimonioculturaldearagon.es\/bienes-culturales\/iglesia-de-santiago-montalban\">imponente y bella iglesia mudejar<\/a> declarada Bien de Inter\u00e9s Cultural, la cual fue restaurada en diferentes fases desde 1984 hasta 2010, descubri\u00e9ndose recientemente unas pinturas que podr\u00edan aflorar si se pusieran de acuerdo las competencias y se acabaran de destinar los dineros que se vienen esperando desde hace tiempo, seg\u00fan nos contaron.<\/p>\n<p>Llamarse Cabrera por all\u00ed, la verdad, no tiene buena fama. Algunos de los pueblos y plazas que recorrimos llevan su nombre. El general carlista Cabrera hizo, precisamente en Montalb\u00e1n, una masacre en el asedio al castillo en 1839. Afortunadamente, una de las calles del pueblo lleva por nombre Manuela Cirugeda, hero\u00edna que combati\u00f3 el desproporcionado asedio valientemente (esto lo he le\u00eddo, precisamente, en el \u00faltimo n\u00famero de Cantalobos). A Ram\u00f3n Cabrera le llamaron el Tigre del Maestrazgo, por su virulento papel en las guerras carlistas en la regi\u00f3n (episodios que son recordados en el <a href=\"http:\/\/www.cantavieja.deteruel.es\/el-pueblo-2\/cultura\/museo-de-las-guerras-carlistas\/\" target=\"_blank\" rel=\"noopener\">Museo de las Guerras Carlistas de Cantavieja<\/a>, que tampoco pudimos ver porque lo pillamos cerrado). Cabrera hab\u00eda consolidado su puesto de mando en Cantavieja (all\u00ed le dedican una plaza). En enero de 1838 tom\u00f3 la ciudad de Morella (el l\u00edmite al Este en nuestro viaje) junto al general Or\u00e1a y la hizo capital de su terru\u00f1o. Aparece como personaje (tengo entendido, ya que no la he le\u00eddo) en la mencionada novela de Baroja <em>La venta de Mirambel<\/em> y tambi\u00e9n en <em>La campa\u00f1a del Maestrazgo<\/em> de Benito P\u00e9rez Gald\u00f3s. Por los servicios prestados, le dieron el t\u00edtulo de Conde de Morella, que hoy sigue ostentado (rehabilitado por Juan Carlos I en 1993) su tataranieto Juan Ram\u00f3n Brotons Cabrera, nada que ver con mi familia, que yo sepa.<\/p>\n<p>Ya cortos de tiempo, pasamos r\u00e1pidamente por La Iglesuela del Cid, donde vimos la Torre los Nublos, \u00faltimo vestigio del antiguo castillo de los Templarios. Si la zona da para un tramo del <a href=\"https:\/\/www.caminodelcid.org\/\" target=\"_blank\" rel=\"noopener\">Camino del Cid<\/a>, tambi\u00e9n lo har\u00eda para una ruta templaria, <a href=\"https:\/\/viajes.nationalgeographic.com.es\/a\/maestrazgo-tierra-templarios-entre-castellon-y-teruel_10995\" target=\"_blank\" rel=\"noopener\">que seguro que ya las hay<\/a>. Para ello, llegarse hasta el Castillo Templario de Castellote hubiera estado bien, pero las complicadas distancias del Maestrazgo hicieron que nos qued\u00e1ramos con las ruinas de uno en Cantavieja (vistas desde la verja, que tambi\u00e9n estaba cerrado) que conviven con un calvario y su viacrucis.<\/p>\n<p>Al castillo que s\u00ed que le han sacado partido es al de Mora de Rubielos. Como chica de Canillejas que soy, crec\u00ed pasando por la plaza del pueblo, por llamarlo as\u00ed, denominada Mora de Rubielos, sin saber nunca del pueblo que la inspir\u00f3 pero un poco fascinada por su sonoridad. Pues bien, ya he estado en Mora de Rubielos (y en Rubielos de Mora). La referencia m\u00e1s antigua de esta imponente fortificaci\u00f3n data del a\u00f1o 1198 y su rehabilitaci\u00f3n y conservaci\u00f3n es bastante impresionante, as\u00ed como sus s\u00f3tanos y mazmorras, sus torres y su patio central. Este estrat\u00e9gico castillo no fue importante solo en la \u00e9poca medieval, de nuevo en las Guerras Carlistas, se enfrentaron all\u00ed los liberales contra las tropas del general Cabrera. Y durante la Guerra Civil, los republicanos se fortificaron all\u00ed, por lo que los sublevados lo cercaron y asediaron vilmente. Al parecer, tras la guerra, Mora de Rubielos fue tambi\u00e9n escenario de escaramuzas entre los maquis agazapados en la sierra y el r\u00e9gimen franquista. Precisamente, y al hilo de <a href=\"http:\/\/www.elenacabrera.com\/weblog\/un-nuevo-guerrillero-embarcado-en-una-prueba-contrarreloj\/\">mi \u00faltimo art\u00edculo publicado sobre el guerrillero bisabuelo de Edu Granados<\/a>, hubiese querido visitar los restos de un <a href=\"http:\/\/www.allavamos.es\/campamento-maqui-del-rodeno-sierra-de-albarracin-teruel\/\">campamento maqui del Rodeno<\/a> en Jabaloyas, cerca de Albarrac\u00edn, pero con patear Albarrac\u00edn ya se cubri\u00f3 el d\u00eda. En otra ocasi\u00f3n ser\u00e1, quiz\u00e1 en una futura visita a Cuenca, para pasar tambi\u00e9n por el campamento maqui de Alobras, a\u00fan en la provincia de Teruel, as\u00ed como otros l<a href=\"http:\/\/www.allavamos.es\/lugares-y-rutas-de-la-guerra-civil-en-teruel\/\" target=\"_blank\" rel=\"noopener\">ugares importantes para la Guerra Civil<\/a> de este cruento frente.<\/p>\n<p><a title=\"Teruel\" href=\"https:\/\/www.flickr.com\/photos\/elenacabreramontero\/32694312357\/in\/dateposted-public\/\" data-flickr-embed=\"true\"><img loading=\"lazy\" decoding=\"async\" src=\"https:\/\/live.staticflickr.com\/65535\/32694312357_f7a9d265e6_z.jpg\" alt=\"Teruel\" width=\"640\" height=\"427\" \/><\/a><script async src=\"\/\/embedr.flickr.com\/assets\/client-code.js\" charset=\"utf-8\"><\/script><\/p>\n","protected":false},"excerpt":{"rendered":"<p>Unos d\u00edas despu\u00e9s de la manifestaci\u00f3n en Madrid que reclamaba atenci\u00f3n sobre la Espa\u00f1a vaciada (encabezada por las plataformas Teruel Existe y Soria \u00a1ya!), he tenido la oportunidad de comprobarlo por m\u00ed misma. \u00abAl final vamos a ser un resort de vacaciones para la gente de las ciudades\u00bb, dec\u00eda una maestra turulense llamada Elena y [&hellip;]<\/p>\n","protected":false},"author":1,"featured_media":2002002453,"comment_status":"closed","ping_status":"closed","sticky":false,"template":"","format":"standard","meta":{"footnotes":""},"categories":[],"tags":[],"class_list":["post-2002002452","post","type-post","status-publish","format-standard","has-post-thumbnail","hentry"],"_links":{"self":[{"href":"http:\/\/www.elenacabrera.com\/weblog3\/wp-json\/wp\/v2\/posts\/2002002452","targetHints":{"allow":["GET"]}}],"collection":[{"href":"http:\/\/www.elenacabrera.com\/weblog3\/wp-json\/wp\/v2\/posts"}],"about":[{"href":"http:\/\/www.elenacabrera.com\/weblog3\/wp-json\/wp\/v2\/types\/post"}],"author":[{"embeddable":true,"href":"http:\/\/www.elenacabrera.com\/weblog3\/wp-json\/wp\/v2\/users\/1"}],"replies":[{"embeddable":true,"href":"http:\/\/www.elenacabrera.com\/weblog3\/wp-json\/wp\/v2\/comments?post=2002002452"}],"version-history":[{"count":10,"href":"http:\/\/www.elenacabrera.com\/weblog3\/wp-json\/wp\/v2\/posts\/2002002452\/revisions"}],"predecessor-version":[{"id":2002002470,"href":"http:\/\/www.elenacabrera.com\/weblog3\/wp-json\/wp\/v2\/posts\/2002002452\/revisions\/2002002470"}],"wp:featuredmedia":[{"embeddable":true,"href":"http:\/\/www.elenacabrera.com\/weblog3\/wp-json\/wp\/v2\/media\/2002002453"}],"wp:attachment":[{"href":"http:\/\/www.elenacabrera.com\/weblog3\/wp-json\/wp\/v2\/media?parent=2002002452"}],"wp:term":[{"taxonomy":"category","embeddable":true,"href":"http:\/\/www.elenacabrera.com\/weblog3\/wp-json\/wp\/v2\/categories?post=2002002452"},{"taxonomy":"post_tag","embeddable":true,"href":"http:\/\/www.elenacabrera.com\/weblog3\/wp-json\/wp\/v2\/tags?post=2002002452"}],"curies":[{"name":"wp","href":"https:\/\/api.w.org\/{rel}","templated":true}]}}